{"id":15553,"date":"2026-08-28T19:28:20","date_gmt":"2026-08-28T17:28:20","guid":{"rendered":"https:\/\/www.stinesofiesstiftelse.no\/?p=15553"},"modified":"2026-08-31T14:13:22","modified_gmt":"2026-08-31T12:13:22","slug":"folkets-konge-barnas-konge","status":"publish","type":"post","link":"https:\/\/www.stinesofiesstiftelse.no\/sma\/folkets-konge-barnas-konge\/","title":{"rendered":"Folkets konge &#8211; barnas konge."},"content":{"rendered":"\n<p class=\"is-style-leadtext wp-block-paragraph\">En siste takk til Hans Majestet Kong Harald V, som minnet oss p\u00e5 at barnas trygghet ang\u00e5r oss alle.<\/p>\n\n\n\n<p class=\"wp-block-paragraph\"><\/p>\n\n\n\n<figure class=\"wp-block-image alignwide size-full\"><img loading=\"lazy\" decoding=\"async\" width=\"2048\" height=\"2560\" src=\"https:\/\/d1713zmupob0gt.cloudfront.net\/wp-content\/uploads\/2026\/08\/31131427\/6c8050a0-1303-4555-bead-1a8c6c952c6d-scaled.jpg\" alt=\"\" class=\"wp-image-15572\" srcset=\"https:\/\/d1713zmupob0gt.cloudfront.net\/wp-content\/uploads\/2026\/08\/31131427\/6c8050a0-1303-4555-bead-1a8c6c952c6d-scaled.jpg 2048w, https:\/\/d1713zmupob0gt.cloudfront.net\/wp-content\/uploads\/2026\/08\/31131427\/6c8050a0-1303-4555-bead-1a8c6c952c6d-240x300.jpg 240w, https:\/\/d1713zmupob0gt.cloudfront.net\/wp-content\/uploads\/2026\/08\/31131427\/6c8050a0-1303-4555-bead-1a8c6c952c6d-768x960.jpg 768w, https:\/\/d1713zmupob0gt.cloudfront.net\/wp-content\/uploads\/2026\/08\/31131427\/6c8050a0-1303-4555-bead-1a8c6c952c6d-819x1024.jpg 819w, https:\/\/d1713zmupob0gt.cloudfront.net\/wp-content\/uploads\/2026\/08\/31131427\/6c8050a0-1303-4555-bead-1a8c6c952c6d-1229x1536.jpg 1229w, https:\/\/d1713zmupob0gt.cloudfront.net\/wp-content\/uploads\/2026\/08\/31131427\/6c8050a0-1303-4555-bead-1a8c6c952c6d-1638x2048.jpg 1638w\" sizes=\"auto, (max-width: 2048px) 100vw, 2048px\" \/><figcaption class=\"wp-element-caption\">Foto: Ola Vatn \/ Det kongelige hoff<\/figcaption><\/figure>\n\n\n\n<p class=\"wp-block-paragraph\">Vi er s\u00e5 heldige i Norge, som har hatt en konge som har brydd seg om oss alle.&nbsp;<\/p>\n\n\n\n<p class=\"wp-block-paragraph\">Vi har hatt en konge som har brukt stemmen sin for \u00e5 l\u00f8fte de som trenger det mest.&nbsp;For barna som har opplevd vold, overgrep og omsorgssvikt \u2013 og for alle som trenger at noen ser dem, tror p\u00e5 dem og st\u00e5r opp for dem.&nbsp;Takk for at du har lyttet, m\u00f8tt dem og bidratt til \u00e5 sette deres trygghet p\u00e5 dagsordenen.&nbsp;&nbsp;<\/p>\n\n\n\n<p class=\"wp-block-paragraph\">Gjennom sine 35 \u00e5r som Norges konge har Hans Majestet Kong Harald V brukt stemmen sin til \u00e5 l\u00f8fte frem det som betyr noe; menneskene, fellesskapet og ansvaret vi har for hverandre.&nbsp;<\/p>\n\n\n\n<p class=\"wp-block-paragraph\">Han har ogs\u00e5 snakket om barna.&nbsp;<\/p>\n\n\n\n<p class=\"wp-block-paragraph\">I H.M. Kongens nytt\u00e5rstale 2005 sier Kong Harald at &#8220;Et lite barn b\u00e6rer fremtiden i seg.&#8221; Han snakket om barn som trenger trygge omgivelser, om betydningen av \u00e5 bli sett og om \u00e5 f\u00e5 muligheten til \u00e5 utvikle troen p\u00e5 seg selv.&nbsp;<\/p>\n\n\n\n<p class=\"wp-block-paragraph\">Det er ord som treffer kjernen i det vi i Stine Sofies Stiftelse arbeider for hver eneste dag. For barn er ikke trygghet noen selvf\u00f8lge. Trygghet er noe voksne m\u00e5 skape, beskytte, og ta ansvar for. N\u00e5r et barn utsettes for vold eller overgrep, er det v\u00e5rt felles ansvar \u00e5 s\u00f8rge for at barnet blir sett, h\u00f8rt og m\u00f8tt med omsorg.&nbsp;<\/p>\n\n\n\n<p class=\"wp-block-paragraph\">Hans Majestet Kong Harald V minnet oss p\u00e5 at barn ikke bare er fremtiden v\u00e5r, men at de er mennesker som har krav p\u00e5 trygghet og respekt.&nbsp;<\/p>\n\n\n\n<p class=\"wp-block-paragraph\">Fire \u00e5r senere&nbsp;vendte han tilbake til det samme temaet. I H.M. Kongens nytt\u00e5rstale 2009 sier han:&nbsp;<\/p>\n\n\n\n<blockquote class=\"wp-block-quote is-layout-flow wp-block-quote-is-layout-flow\">\n<p class=\"wp-block-paragraph\">&#8220;Selv verdens beste land er ikke verdens beste for barn som lever i redsel og utrygghet. At barn utsettes for overgrep, er ikke en sak som h\u00f8rer privatlivet til. Alle har vi et ansvar for \u00e5 si fra n\u00e5r urett beg\u00e5s.&#8221;&nbsp;<\/p>\n<\/blockquote>\n\n\n\n<p class=\"wp-block-paragraph\">N\u00e5r et barn utsettes for vold eller overgrep, ang\u00e5r det oss alle. Det krever voksne som t\u00f8r \u00e5 se, som t\u00f8r \u00e5 sp\u00f8rre, og som t\u00f8r \u00e5 handle. Det krever et samfunn som ikke vender blikket bort n\u00e5r det som skjer er vondt eller vanskelig \u00e5 snakke om.&nbsp;<\/p>\n\n\n\n<p class=\"wp-block-paragraph\">&#8211; Kong Haralds stemme og hans engasjement har v\u00e6rt en p\u00e5minnelse om at et godt samfunn m\u00e5 m\u00e5les etter hvordan vi tar v\u00e6re p\u00e5 de mest s\u00e5rbare, uttaler Ada Sofie Austegard, generalsekret\u00e6r i Stine Sofies Stiftelse.&nbsp;&nbsp;<\/p>\n\n\n\n<p class=\"wp-block-paragraph\">Takk for alt du var for Norge, og alt du var for barna.&nbsp;&nbsp;<\/p>\n\n\n\n<p class=\"wp-block-paragraph\">Vi er dypt takknemlige for \u00e5 ha hatt en s\u00e5 fantastisk konge.&nbsp;&nbsp;<\/p>\n\n\n\n<p class=\"wp-block-paragraph\">Takk for alt, Kong Harald.&nbsp;<\/p>\n\n\n\n<p class=\"wp-block-paragraph\"><\/p>\n\n\n\n<div class=\"wp-block-columns alignwide sss-image-text has-secondary-background-color has-background is-layout-flex wp-container-core-columns-is-layout-58e9bc28 wp-block-columns-is-layout-flex\" style=\"border-radius:4px;padding-top:0;padding-right:0;padding-bottom:0;padding-left:0\">\n<div class=\"wp-block-column is-layout-flow wp-block-column-is-layout-flow\">\n<figure class=\"wp-block-image size-large\"><img loading=\"lazy\" decoding=\"async\" width=\"1024\" height=\"683\" src=\"https:\/\/d1713zmupob0gt.cloudfront.net\/wp-content\/uploads\/2025\/03\/06093459\/Senteret-lek-sykkel-2_KIS-1024x683.jpg\" alt=\"\" class=\"wp-image-10346\" srcset=\"https:\/\/d1713zmupob0gt.cloudfront.net\/wp-content\/uploads\/2025\/03\/06093459\/Senteret-lek-sykkel-2_KIS-1024x683.jpg 1024w, https:\/\/d1713zmupob0gt.cloudfront.net\/wp-content\/uploads\/2025\/03\/06093459\/Senteret-lek-sykkel-2_KIS-300x200.jpg 300w, https:\/\/d1713zmupob0gt.cloudfront.net\/wp-content\/uploads\/2025\/03\/06093459\/Senteret-lek-sykkel-2_KIS-768x512.jpg 768w, https:\/\/d1713zmupob0gt.cloudfront.net\/wp-content\/uploads\/2025\/03\/06093459\/Senteret-lek-sykkel-2_KIS-1536x1024.jpg 1536w, https:\/\/d1713zmupob0gt.cloudfront.net\/wp-content\/uploads\/2025\/03\/06093459\/Senteret-lek-sykkel-2_KIS-2048x1365.jpg 2048w\" sizes=\"auto, (max-width: 1024px) 100vw, 1024px\" \/><figcaption class=\"wp-element-caption\">20240805 Grimstad, <br><br>Foto p\u00e5 Stine Sofie Senteret<br> <br><br>Foto: Kjell Inge S\u00f8reide,<\/figcaption><\/figure>\n<\/div>\n\n\n\n<div class=\"wp-block-column is-layout-flow wp-block-column-is-layout-flow\" style=\"padding-top:var(--wp--preset--spacing--50);padding-right:0;padding-bottom:var(--wp--preset--spacing--50);padding-left:0\">\n<div class=\"wp-block-group has-global-padding is-content-justification-left is-layout-constrained wp-container-core-group-is-layout-540133d6 wp-block-group-is-layout-constrained\" style=\"padding-right:var(--wp--preset--spacing--50)\">\n<h2 class=\"wp-block-heading is-style-default has-primary-color has-text-color\"><a href=\"https:\/\/www.stinesofiesstiftelse.no\/hva-vi-gjor\/barnas-havarikommisjon\/\">Bli med og spre ordet!<\/a><\/h2>\n\n\n\n<p class=\"wp-block-paragraph\">Sammen kan vi gi flere barn og unge muligheten til \u00e5 oppleve trygghet, st\u00f8tte og mestring.<br><br><a href=\"https:\/\/www.stinesofiesstiftelse.no\/stine-sofie-senteret\/\">Les mer om Stine Sofie Senteret her. <\/a><a href=\"https:\/\/www.stinesofiesstiftelse.no\/hva-vi-gjor\/barnas-havarikommisjon\/rapport_2025\/\" target=\"_blank\" rel=\"noreferrer noopener\"><br><\/a><\/p>\n<\/div>\n<\/div>\n<\/div>\n\n\n\n<h2 class=\"wp-block-heading\"><\/h2>\n\n\n\n<section class=\"alignwide is-style-article wp-block-aptum-list-posts\">\n\n<div class=\"wp-block-aptum-list-posts__container container container--offset  columns-3\">\n\t<h2 class=\"wp-block-aptum-list-posts__section-heading\">Les ogs\u00e5<\/h2>\t\t\t<ul class=\"wp-block-aptum-list-posts__grid\" style=\"grid-template-columns: repeat(3, minmax(0, 1fr));\">\n\t\t\t\t\t\t\t<li id=\"post-15553\" class=\"wp-block-aptum-list-posts__item post-15553 post type-post status-publish format-standard has-post-thumbnail hentry category-historier tag-ada-sofie-austegard tag-stine-sofies-stiftelse\">\n\t\t\t\t\t\t\t\t\t<p class=\"wp-block-aptum-list-posts__lang-notice has-small-font-size\"><svg class=\"wp-block-aptum-list-posts__lang-notice-icon\" width=\"14\" height=\"14\" viewBox=\"0 0 24 24\" fill=\"none\" xmlns=\"http:\/\/www.w3.org\/2000\/svg\" aria-hidden=\"true\"><circle cx=\"12\" cy=\"12\" r=\"9.5\" stroke=\"currentColor\" stroke-width=\"1.5\"\/><ellipse cx=\"12\" cy=\"12\" rx=\"4\" ry=\"9.5\" stroke=\"currentColor\" stroke-width=\"1.5\"\/><path d=\"M3 12h18\" stroke=\"currentColor\" stroke-width=\"1.5\"\/><path d=\"M4.5 7h15\" stroke=\"currentColor\" stroke-width=\"1.5\"\/><path d=\"M4.5 17h15\" stroke=\"currentColor\" stroke-width=\"1.5\"\/><\/svg>Daate s\u00e6jroe ij leah \u00e5arjelsaemien g\u00efelesne.<\/p>\n\t\t\t\t\t\t\t\t\t\t\t\t\t<div class=\"wp-block-aptum-list-posts__article\">\n\t\t\t\t\t\t<a href=\"https:\/\/www.stinesofiesstiftelse.no\/sma\/folkets-konge-barnas-konge\/\" class=\"wp-block-aptum-list-posts__thumbnail\" tabindex=\"-1\">\n\t\t\t\t\t\t\t<img decoding=\"async\" width=\"2048\" height=\"2560\" src=\"https:\/\/d1713zmupob0gt.cloudfront.net\/wp-content\/uploads\/2026\/08\/31141315\/6c8050a0-1303-4555-bead-1a8c6c952c6d-2-scaled.jpg\" class=\"wp-block-aptum-list-posts__image wp-post-image\" alt=\"\" loading=\"lazy\" srcset=\"https:\/\/d1713zmupob0gt.cloudfront.net\/wp-content\/uploads\/2026\/08\/31141315\/6c8050a0-1303-4555-bead-1a8c6c952c6d-2-scaled.jpg 2048w, https:\/\/d1713zmupob0gt.cloudfront.net\/wp-content\/uploads\/2026\/08\/31141315\/6c8050a0-1303-4555-bead-1a8c6c952c6d-2-240x300.jpg 240w, https:\/\/d1713zmupob0gt.cloudfront.net\/wp-content\/uploads\/2026\/08\/31141315\/6c8050a0-1303-4555-bead-1a8c6c952c6d-2-819x1024.jpg 819w, https:\/\/d1713zmupob0gt.cloudfront.net\/wp-content\/uploads\/2026\/08\/31141315\/6c8050a0-1303-4555-bead-1a8c6c952c6d-2-768x960.jpg 768w, https:\/\/d1713zmupob0gt.cloudfront.net\/wp-content\/uploads\/2026\/08\/31141315\/6c8050a0-1303-4555-bead-1a8c6c952c6d-2-1229x1536.jpg 1229w, https:\/\/d1713zmupob0gt.cloudfront.net\/wp-content\/uploads\/2026\/08\/31141315\/6c8050a0-1303-4555-bead-1a8c6c952c6d-2-1638x2048.jpg 1638w\" sizes=\"auto, (max-width: 2048px) 100vw, 2048px\" \/>\t\t\t\t\t\t<\/a>\n\t\t\t\t\t\t<div class=\"wp-block-aptum-list-posts__article-content\">\n\t\t\t\t\t\t\t<div class=\"wp-block-aptum-list-posts__meta\">\n\t\t\t\t\t\t\t\t<div class=\"wp-block-aptum-list-posts__meta-date has-small-font-size\">\n\t\t\t\t\t\t\t\t\t28.08.26\t\t\t\t\t\t\t\t<\/div>\n\t\t\t\t\t\t\t<div class=\"wp-block-aptum-list-posts__meta-categories\" lang=\"nb\">\n\t\t\t\t\t\t\t\t\t<a href=\"https:\/\/www.stinesofiesstiftelse.no\/kategori\/historier\/\">Historier<\/a>\t\t\t\t\t\t\t\t<\/div>\n\t\t\t\t\t\t\t<\/div>\n\t\t\t\t\t\t\t<h3 class=\"wp-block-aptum-list-posts__title\" lang=\"nb\">\n\t\t\t\t\t\t\t\t<a href=\"https:\/\/www.stinesofiesstiftelse.no\/sma\/folkets-konge-barnas-konge\/\" tabindex=\"-1\">Folkets konge &#8211; barnas konge.<\/a>\n\t\t\t\t\t\t\t<\/h3>\n\t\t\t\t\t\t\t\t\t\t\t\t\t\t\t<p class=\"wp-block-aptum-list-posts__excerpt\" lang=\"nb\">En siste takk til Hans Majestet Kong Harald V, som minnet oss p\u00e5 at barnas trygghet ang\u00e5r oss alle. Vi&hellip;<\/p>\n\t\t\t\t\t\t\t\t<a href=\"https:\/\/www.stinesofiesstiftelse.no\/sma\/folkets-konge-barnas-konge\/\" class=\"wp-block-aptum-list-posts__more\">\n\t\t\t\t\t\t\t\t\tRead more\t\t\t\t\t\t\t\t\t<span class=\"screen-reader-text\">about Folkets konge &#8211; barnas konge.<\/span>\n\t\t\t\t\t\t\t\t<\/a>\n\t\t\t\t\t\t\t\t\t\t\t\t\t<\/div>\n\t\t\t\t\t<\/div>\n\t\t\t\t\t\t\t\t<\/li>\n\t\t\t\t\t\t\t<li id=\"post-15527\" class=\"wp-block-aptum-list-posts__item post-15527 post type-post status-publish format-standard has-post-thumbnail hentry category-juridisk category-politisk tag-barnas-havarikommisjon tag-stine-sofies-stiftelse tag-vold-og-overgrep\">\n\t\t\t\t\t\t\t\t\t<p class=\"wp-block-aptum-list-posts__lang-notice has-small-font-size\"><svg class=\"wp-block-aptum-list-posts__lang-notice-icon\" width=\"14\" height=\"14\" viewBox=\"0 0 24 24\" fill=\"none\" xmlns=\"http:\/\/www.w3.org\/2000\/svg\" aria-hidden=\"true\"><circle cx=\"12\" cy=\"12\" r=\"9.5\" stroke=\"currentColor\" stroke-width=\"1.5\"\/><ellipse cx=\"12\" cy=\"12\" rx=\"4\" ry=\"9.5\" stroke=\"currentColor\" stroke-width=\"1.5\"\/><path d=\"M3 12h18\" stroke=\"currentColor\" stroke-width=\"1.5\"\/><path d=\"M4.5 7h15\" stroke=\"currentColor\" stroke-width=\"1.5\"\/><path d=\"M4.5 17h15\" stroke=\"currentColor\" stroke-width=\"1.5\"\/><\/svg>Daate s\u00e6jroe ij leah \u00e5arjelsaemien g\u00efelesne.<\/p>\n\t\t\t\t\t\t\t\t\t\t\t\t\t<div class=\"wp-block-aptum-list-posts__article\">\n\t\t\t\t\t\t<a href=\"https:\/\/www.stinesofiesstiftelse.no\/sma\/hver-nedlastning-er-et-nytt-overgrep\/\" class=\"wp-block-aptum-list-posts__thumbnail\" tabindex=\"-1\">\n\t\t\t\t\t\t\t<img decoding=\"async\" width=\"1024\" height=\"684\" src=\"https:\/\/d1713zmupob0gt.cloudfront.net\/wp-content\/uploads\/2026\/08\/20154240\/iStock-1072518246-sh-1-1024x684-1-1.jpg\" class=\"wp-block-aptum-list-posts__image wp-post-image\" alt=\"\" loading=\"lazy\" srcset=\"https:\/\/d1713zmupob0gt.cloudfront.net\/wp-content\/uploads\/2026\/08\/20154240\/iStock-1072518246-sh-1-1024x684-1-1.jpg 1024w, https:\/\/d1713zmupob0gt.cloudfront.net\/wp-content\/uploads\/2026\/08\/20154240\/iStock-1072518246-sh-1-1024x684-1-1-300x200.jpg 300w, https:\/\/d1713zmupob0gt.cloudfront.net\/wp-content\/uploads\/2026\/08\/20154240\/iStock-1072518246-sh-1-1024x684-1-1-768x513.jpg 768w\" sizes=\"auto, (max-width: 1024px) 100vw, 1024px\" \/>\t\t\t\t\t\t<\/a>\n\t\t\t\t\t\t<div class=\"wp-block-aptum-list-posts__article-content\">\n\t\t\t\t\t\t\t<div class=\"wp-block-aptum-list-posts__meta\">\n\t\t\t\t\t\t\t\t<div class=\"wp-block-aptum-list-posts__meta-date has-small-font-size\">\n\t\t\t\t\t\t\t\t\t20.08.26\t\t\t\t\t\t\t\t<\/div>\n\t\t\t\t\t\t\t<div class=\"wp-block-aptum-list-posts__meta-categories\" lang=\"nb\">\n\t\t\t\t\t\t\t\t\t<a href=\"https:\/\/www.stinesofiesstiftelse.no\/kategori\/juridisk\/\">Juridisk<\/a>, <a href=\"https:\/\/www.stinesofiesstiftelse.no\/kategori\/politisk\/\">Politisk<\/a>\t\t\t\t\t\t\t\t<\/div>\n\t\t\t\t\t\t\t<\/div>\n\t\t\t\t\t\t\t<h3 class=\"wp-block-aptum-list-posts__title\" lang=\"nb\">\n\t\t\t\t\t\t\t\t<a href=\"https:\/\/www.stinesofiesstiftelse.no\/sma\/hver-nedlastning-er-et-nytt-overgrep\/\" tabindex=\"-1\">\u2014 Hver nedlastning er et nytt overgrep<\/a>\n\t\t\t\t\t\t\t<\/h3>\n\t\t\t\t\t\t\t\t\t\t\t\t\t\t\t<p class=\"wp-block-aptum-list-posts__excerpt\" lang=\"nb\">I en ny rapport tar Kripos til orde for at flere akt\u00f8rer m\u00e5 p\u00e5 banen for \u00e5 beskytte barn mot&hellip;<\/p>\n\t\t\t\t\t\t\t\t<a href=\"https:\/\/www.stinesofiesstiftelse.no\/sma\/hver-nedlastning-er-et-nytt-overgrep\/\" class=\"wp-block-aptum-list-posts__more\">\n\t\t\t\t\t\t\t\t\tRead more\t\t\t\t\t\t\t\t\t<span class=\"screen-reader-text\">about \u2014 Hver nedlastning er et nytt overgrep<\/span>\n\t\t\t\t\t\t\t\t<\/a>\n\t\t\t\t\t\t\t\t\t\t\t\t\t<\/div>\n\t\t\t\t\t<\/div>\n\t\t\t\t\t\t\t\t<\/li>\n\t\t\t\t\t\t\t<li id=\"post-15347\" class=\"wp-block-aptum-list-posts__item post-15347 post type-post status-publish format-standard has-post-thumbnail hentry category-stine-sofie-senteret tag-ada-sofie-austegard tag-inga-marte-thorkildsen tag-stine-sofie-senteret tag-stine-sofies-stiftelse tag-vold-og-overgrep\">\n\t\t\t\t\t\t\t\t\t<p class=\"wp-block-aptum-list-posts__lang-notice has-small-font-size\"><svg class=\"wp-block-aptum-list-posts__lang-notice-icon\" width=\"14\" height=\"14\" viewBox=\"0 0 24 24\" fill=\"none\" xmlns=\"http:\/\/www.w3.org\/2000\/svg\" aria-hidden=\"true\"><circle cx=\"12\" cy=\"12\" r=\"9.5\" stroke=\"currentColor\" stroke-width=\"1.5\"\/><ellipse cx=\"12\" cy=\"12\" rx=\"4\" ry=\"9.5\" stroke=\"currentColor\" stroke-width=\"1.5\"\/><path d=\"M3 12h18\" stroke=\"currentColor\" stroke-width=\"1.5\"\/><path d=\"M4.5 7h15\" stroke=\"currentColor\" stroke-width=\"1.5\"\/><path d=\"M4.5 17h15\" stroke=\"currentColor\" stroke-width=\"1.5\"\/><\/svg>Daate s\u00e6jroe ij leah \u00e5arjelsaemien g\u00efelesne.<\/p>\n\t\t\t\t\t\t\t\t\t\t\t\t\t<div class=\"wp-block-aptum-list-posts__article\">\n\t\t\t\t\t\t<a href=\"https:\/\/www.stinesofiesstiftelse.no\/sma\/spredde-glede-med-stine-sofie-senteret-pa-stand\/\" class=\"wp-block-aptum-list-posts__thumbnail\" tabindex=\"-1\">\n\t\t\t\t\t\t\t<img decoding=\"async\" width=\"2560\" height=\"1702\" src=\"https:\/\/d1713zmupob0gt.cloudfront.net\/wp-content\/uploads\/2026\/08\/14083129\/20260811_NZ94334-scaled.jpg\" class=\"wp-block-aptum-list-posts__image wp-post-image\" alt=\"\" loading=\"lazy\" srcset=\"https:\/\/d1713zmupob0gt.cloudfront.net\/wp-content\/uploads\/2026\/08\/14083129\/20260811_NZ94334-scaled.jpg 2560w, https:\/\/d1713zmupob0gt.cloudfront.net\/wp-content\/uploads\/2026\/08\/14083129\/20260811_NZ94334-300x199.jpg 300w, https:\/\/d1713zmupob0gt.cloudfront.net\/wp-content\/uploads\/2026\/08\/14083129\/20260811_NZ94334-1024x681.jpg 1024w, https:\/\/d1713zmupob0gt.cloudfront.net\/wp-content\/uploads\/2026\/08\/14083129\/20260811_NZ94334-768x511.jpg 768w, https:\/\/d1713zmupob0gt.cloudfront.net\/wp-content\/uploads\/2026\/08\/14083129\/20260811_NZ94334-1536x1021.jpg 1536w, https:\/\/d1713zmupob0gt.cloudfront.net\/wp-content\/uploads\/2026\/08\/14083129\/20260811_NZ94334-2048x1362.jpg 2048w\" sizes=\"auto, (max-width: 2560px) 100vw, 2560px\" \/>\t\t\t\t\t\t<\/a>\n\t\t\t\t\t\t<div class=\"wp-block-aptum-list-posts__article-content\">\n\t\t\t\t\t\t\t<div class=\"wp-block-aptum-list-posts__meta\">\n\t\t\t\t\t\t\t\t<div class=\"wp-block-aptum-list-posts__meta-date has-small-font-size\">\n\t\t\t\t\t\t\t\t\t14.08.26\t\t\t\t\t\t\t\t<\/div>\n\t\t\t\t\t\t\t<div class=\"wp-block-aptum-list-posts__meta-categories\" lang=\"nb\">\n\t\t\t\t\t\t\t\t\t<a href=\"https:\/\/www.stinesofiesstiftelse.no\/kategori\/stine-sofie-senteret\/\">Stine Sofie Senteret<\/a>\t\t\t\t\t\t\t\t<\/div>\n\t\t\t\t\t\t\t<\/div>\n\t\t\t\t\t\t\t<h3 class=\"wp-block-aptum-list-posts__title\" lang=\"nb\">\n\t\t\t\t\t\t\t\t<a href=\"https:\/\/www.stinesofiesstiftelse.no\/sma\/spredde-glede-med-stine-sofie-senteret-pa-stand\/\" tabindex=\"-1\">Spredde glede med Stine Sofie Senteret p\u00e5 stand<\/a>\n\t\t\t\t\t\t\t<\/h3>\n\t\t\t\t\t\t\t\t\t\t\t\t\t\t\t<p class=\"wp-block-aptum-list-posts__excerpt\" lang=\"nb\">Under Arendalsuka fikk publikum en smakebit av Stine Sofie Senteret. Vi presenterte ny forskning og v\u00e5re erfaringer etter 10 \u00e5r&hellip;<\/p>\n\t\t\t\t\t\t\t\t<a href=\"https:\/\/www.stinesofiesstiftelse.no\/sma\/spredde-glede-med-stine-sofie-senteret-pa-stand\/\" class=\"wp-block-aptum-list-posts__more\">\n\t\t\t\t\t\t\t\t\tRead more\t\t\t\t\t\t\t\t\t<span class=\"screen-reader-text\">about Spredde glede med Stine Sofie Senteret p\u00e5 stand<\/span>\n\t\t\t\t\t\t\t\t<\/a>\n\t\t\t\t\t\t\t\t\t\t\t\t\t<\/div>\n\t\t\t\t\t<\/div>\n\t\t\t\t\t\t\t\t<\/li>\n\t\t\t\t\t\t\t\t<\/ul>\n\t<\/div>\n\n<\/section>\n","protected":false},"excerpt":{"rendered":"<p>En siste takk til Hans Majestet Kong Harald V, som minnet oss p\u00e5 at barnas trygghet ang\u00e5r oss alle. Vi [&hellip;]<\/p>\n","protected":false},"author":12,"featured_media":15576,"comment_status":"closed","ping_status":"closed","sticky":false,"template":"","format":"standard","meta":{"_acf_changed":false,"inline_featured_image":false,"footnotes":""},"categories":[66],"tags":[80,82],"class_list":["post-15553","post","type-post","status-publish","format-standard","has-post-thumbnail","hentry","category-historier","tag-ada-sofie-austegard","tag-stine-sofies-stiftelse"],"acf":[],"mb":[],"yoast_head":"<!-- This site is optimized with the Yoast SEO plugin v28.4 - https:\/\/yoast.com\/product\/yoast-seo-wordpress\/ -->\n<title>Folkets konge - barnas konge. - Stine Sofies Stiftelse<\/title>\n<meta name=\"robots\" content=\"index, follow, max-snippet:-1, max-image-preview:large, max-video-preview:-1\" \/>\n<link rel=\"canonical\" href=\"https:\/\/www.stinesofiesstiftelse.no\/folkets-konge-barnas-konge\/\" \/>\n<meta property=\"og:locale\" content=\"en_US\" \/>\n<meta property=\"og:type\" content=\"article\" \/>\n<meta property=\"og:title\" content=\"Folkets konge - barnas konge. - Stine Sofies Stiftelse\" \/>\n<meta property=\"og:description\" content=\"En siste takk til Hans Majestet Kong Harald V, som minnet oss p\u00e5 at barnas trygghet ang\u00e5r oss alle. Vi [&hellip;]\" \/>\n<meta property=\"og:url\" content=\"https:\/\/www.stinesofiesstiftelse.no\/folkets-konge-barnas-konge\/\" \/>\n<meta property=\"og:site_name\" content=\"Stine Sofies Stiftelse\" \/>\n<meta property=\"article:publisher\" content=\"https:\/\/www.facebook.com\/StineSofiesStiftelse\/\" \/>\n<meta property=\"article:published_time\" content=\"2026-08-28T17:28:20+00:00\" \/>\n<meta property=\"article:modified_time\" content=\"2026-08-31T12:13:22+00:00\" \/>\n<meta property=\"og:image\" content=\"https:\/\/d1713zmupob0gt.cloudfront.net\/wp-content\/uploads\/2026\/08\/31141315\/6c8050a0-1303-4555-bead-1a8c6c952c6d-2-scaled.jpg\" \/>\n\t<meta property=\"og:image:width\" content=\"2048\" \/>\n\t<meta property=\"og:image:height\" content=\"2560\" \/>\n\t<meta property=\"og:image:type\" content=\"image\/jpeg\" \/>\n<meta name=\"author\" content=\"Eline Haagenrud Gr\u00f8nlid\" \/>\n<meta name=\"twitter:card\" content=\"summary_large_image\" \/>\n<meta name=\"twitter:label1\" content=\"Written by\" \/>\n\t<meta name=\"twitter:data1\" content=\"Eline Haagenrud Gr\u00f8nlid\" \/>\n\t<meta name=\"twitter:label2\" content=\"Est. reading time\" \/>\n\t<meta name=\"twitter:data2\" content=\"4 minutes\" \/>\n<script type=\"application\/ld+json\" class=\"yoast-schema-graph\">{\"@context\":\"https:\\\/\\\/schema.org\",\"@graph\":[{\"@type\":\"Article\",\"@id\":\"https:\\\/\\\/www.stinesofiesstiftelse.no\\\/folkets-konge-barnas-konge\\\/#article\",\"isPartOf\":{\"@id\":\"https:\\\/\\\/www.stinesofiesstiftelse.no\\\/folkets-konge-barnas-konge\\\/\"},\"author\":{\"name\":\"Eline Haagenrud Gr\u00f8nlid\",\"@id\":\"https:\\\/\\\/www.stinesofiesstiftelse.no\\\/#\\\/schema\\\/person\\\/3aaa7fe7368dd0d50b336ef2ed9f92d7\"},\"headline\":\"Folkets konge &#8211; barnas konge.\",\"datePublished\":\"2026-08-28T17:28:20+00:00\",\"dateModified\":\"2026-08-31T12:13:22+00:00\",\"mainEntityOfPage\":{\"@id\":\"https:\\\/\\\/www.stinesofiesstiftelse.no\\\/folkets-konge-barnas-konge\\\/\"},\"wordCount\":526,\"publisher\":{\"@id\":\"https:\\\/\\\/www.stinesofiesstiftelse.no\\\/#organization\"},\"image\":{\"@id\":\"https:\\\/\\\/www.stinesofiesstiftelse.no\\\/folkets-konge-barnas-konge\\\/#primaryimage\"},\"thumbnailUrl\":\"https:\\\/\\\/d1713zmupob0gt.cloudfront.net\\\/wp-content\\\/uploads\\\/2026\\\/08\\\/31141315\\\/6c8050a0-1303-4555-bead-1a8c6c952c6d-2-scaled.jpg\",\"keywords\":[\"Ada Sofie Austegard\",\"stine sofies stiftelse\"],\"articleSection\":[\"Historier\"],\"inLanguage\":\"sma-NO\"},{\"@type\":\"WebPage\",\"@id\":\"https:\\\/\\\/www.stinesofiesstiftelse.no\\\/folkets-konge-barnas-konge\\\/\",\"url\":\"https:\\\/\\\/www.stinesofiesstiftelse.no\\\/folkets-konge-barnas-konge\\\/\",\"name\":\"Folkets konge - barnas konge. - Stine Sofies Stiftelse\",\"isPartOf\":{\"@id\":\"https:\\\/\\\/www.stinesofiesstiftelse.no\\\/#website\"},\"primaryImageOfPage\":{\"@id\":\"https:\\\/\\\/www.stinesofiesstiftelse.no\\\/folkets-konge-barnas-konge\\\/#primaryimage\"},\"image\":{\"@id\":\"https:\\\/\\\/www.stinesofiesstiftelse.no\\\/folkets-konge-barnas-konge\\\/#primaryimage\"},\"thumbnailUrl\":\"https:\\\/\\\/d1713zmupob0gt.cloudfront.net\\\/wp-content\\\/uploads\\\/2026\\\/08\\\/31141315\\\/6c8050a0-1303-4555-bead-1a8c6c952c6d-2-scaled.jpg\",\"datePublished\":\"2026-08-28T17:28:20+00:00\",\"dateModified\":\"2026-08-31T12:13:22+00:00\",\"breadcrumb\":{\"@id\":\"https:\\\/\\\/www.stinesofiesstiftelse.no\\\/folkets-konge-barnas-konge\\\/#breadcrumb\"},\"inLanguage\":\"sma-NO\",\"potentialAction\":[{\"@type\":\"ReadAction\",\"target\":[\"https:\\\/\\\/www.stinesofiesstiftelse.no\\\/folkets-konge-barnas-konge\\\/\"]}]},{\"@type\":\"ImageObject\",\"inLanguage\":\"sma-NO\",\"@id\":\"https:\\\/\\\/www.stinesofiesstiftelse.no\\\/folkets-konge-barnas-konge\\\/#primaryimage\",\"url\":\"https:\\\/\\\/d1713zmupob0gt.cloudfront.net\\\/wp-content\\\/uploads\\\/2026\\\/08\\\/31141315\\\/6c8050a0-1303-4555-bead-1a8c6c952c6d-2-scaled.jpg\",\"contentUrl\":\"https:\\\/\\\/d1713zmupob0gt.cloudfront.net\\\/wp-content\\\/uploads\\\/2026\\\/08\\\/31141315\\\/6c8050a0-1303-4555-bead-1a8c6c952c6d-2-scaled.jpg\",\"width\":2048,\"height\":2560},{\"@type\":\"BreadcrumbList\",\"@id\":\"https:\\\/\\\/www.stinesofiesstiftelse.no\\\/folkets-konge-barnas-konge\\\/#breadcrumb\",\"itemListElement\":[{\"@type\":\"ListItem\",\"position\":1,\"name\":\"Hjem\",\"item\":\"https:\\\/\\\/www.stinesofiesstiftelse.no\\\/\"},{\"@type\":\"ListItem\",\"position\":2,\"name\":\"Folkets konge &#8211; barnas konge.\"}]},{\"@type\":\"WebSite\",\"@id\":\"https:\\\/\\\/www.stinesofiesstiftelse.no\\\/#website\",\"url\":\"https:\\\/\\\/www.stinesofiesstiftelse.no\\\/\",\"name\":\"Stine Sofies Stiftelse\",\"description\":\"\",\"publisher\":{\"@id\":\"https:\\\/\\\/www.stinesofiesstiftelse.no\\\/#organization\"},\"potentialAction\":[{\"@type\":\"SearchAction\",\"target\":{\"@type\":\"EntryPoint\",\"urlTemplate\":\"https:\\\/\\\/www.stinesofiesstiftelse.no\\\/?s={search_term_string}\"},\"query-input\":{\"@type\":\"PropertyValueSpecification\",\"valueRequired\":true,\"valueName\":\"search_term_string\"}}],\"inLanguage\":\"sma-NO\"},{\"@type\":\"Organization\",\"@id\":\"https:\\\/\\\/www.stinesofiesstiftelse.no\\\/#organization\",\"name\":\"Stine Sofies Stiftelse\",\"url\":\"https:\\\/\\\/www.stinesofiesstiftelse.no\\\/\",\"logo\":{\"@type\":\"ImageObject\",\"inLanguage\":\"sma-NO\",\"@id\":\"https:\\\/\\\/www.stinesofiesstiftelse.no\\\/#\\\/schema\\\/logo\\\/image\\\/\",\"url\":\"https:\\\/\\\/d1713zmupob0gt.cloudfront.net\\\/wp-content\\\/uploads\\\/2024\\\/10\\\/19093628\\\/cropped-Stine_sofies_stiftelse_logosymbol.png\",\"contentUrl\":\"https:\\\/\\\/d1713zmupob0gt.cloudfront.net\\\/wp-content\\\/uploads\\\/2024\\\/10\\\/19093628\\\/cropped-Stine_sofies_stiftelse_logosymbol.png\",\"width\":512,\"height\":512,\"caption\":\"Stine Sofies Stiftelse\"},\"image\":{\"@id\":\"https:\\\/\\\/www.stinesofiesstiftelse.no\\\/#\\\/schema\\\/logo\\\/image\\\/\"},\"sameAs\":[\"https:\\\/\\\/www.facebook.com\\\/StineSofiesStiftelse\\\/\"]},{\"@type\":\"Person\",\"@id\":\"https:\\\/\\\/www.stinesofiesstiftelse.no\\\/#\\\/schema\\\/person\\\/3aaa7fe7368dd0d50b336ef2ed9f92d7\",\"name\":\"Eline Haagenrud Gr\u00f8nlid\",\"image\":{\"@type\":\"ImageObject\",\"inLanguage\":\"sma-NO\",\"@id\":\"https:\\\/\\\/secure.gravatar.com\\\/avatar\\\/9420d39e3281bbf42b1dd5f7d2d2fbd7fddaee2619162e2a7b9874b30b4a86d8?s=96&d=mm&r=g\",\"url\":\"https:\\\/\\\/secure.gravatar.com\\\/avatar\\\/9420d39e3281bbf42b1dd5f7d2d2fbd7fddaee2619162e2a7b9874b30b4a86d8?s=96&d=mm&r=g\",\"contentUrl\":\"https:\\\/\\\/secure.gravatar.com\\\/avatar\\\/9420d39e3281bbf42b1dd5f7d2d2fbd7fddaee2619162e2a7b9874b30b4a86d8?s=96&d=mm&r=g\",\"caption\":\"Eline Haagenrud Gr\u00f8nlid\"}}]}<\/script>\n<!-- \/ Yoast SEO plugin. -->","yoast_head_json":{"title":"Folkets konge - barnas konge. - Stine Sofies Stiftelse","robots":{"index":"index","follow":"follow","max-snippet":"max-snippet:-1","max-image-preview":"max-image-preview:large","max-video-preview":"max-video-preview:-1"},"canonical":"https:\/\/www.stinesofiesstiftelse.no\/folkets-konge-barnas-konge\/","og_locale":"en_US","og_type":"article","og_title":"Folkets konge - barnas konge. - Stine Sofies Stiftelse","og_description":"En siste takk til Hans Majestet Kong Harald V, som minnet oss p\u00e5 at barnas trygghet ang\u00e5r oss alle. Vi [&hellip;]","og_url":"https:\/\/www.stinesofiesstiftelse.no\/folkets-konge-barnas-konge\/","og_site_name":"Stine Sofies Stiftelse","article_publisher":"https:\/\/www.facebook.com\/StineSofiesStiftelse\/","article_published_time":"2026-08-28T17:28:20+00:00","article_modified_time":"2026-08-31T12:13:22+00:00","og_image":[{"width":2048,"height":2560,"url":"https:\/\/d1713zmupob0gt.cloudfront.net\/wp-content\/uploads\/2026\/08\/31141315\/6c8050a0-1303-4555-bead-1a8c6c952c6d-2-scaled.jpg","type":"image\/jpeg"}],"author":"Eline Haagenrud Gr\u00f8nlid","twitter_card":"summary_large_image","twitter_misc":{"Written by":"Eline Haagenrud Gr\u00f8nlid","Est. reading time":"4 minutes"},"schema":{"@context":"https:\/\/schema.org","@graph":[{"@type":"Article","@id":"https:\/\/www.stinesofiesstiftelse.no\/folkets-konge-barnas-konge\/#article","isPartOf":{"@id":"https:\/\/www.stinesofiesstiftelse.no\/folkets-konge-barnas-konge\/"},"author":{"name":"Eline Haagenrud Gr\u00f8nlid","@id":"https:\/\/www.stinesofiesstiftelse.no\/#\/schema\/person\/3aaa7fe7368dd0d50b336ef2ed9f92d7"},"headline":"Folkets konge &#8211; barnas konge.","datePublished":"2026-08-28T17:28:20+00:00","dateModified":"2026-08-31T12:13:22+00:00","mainEntityOfPage":{"@id":"https:\/\/www.stinesofiesstiftelse.no\/folkets-konge-barnas-konge\/"},"wordCount":526,"publisher":{"@id":"https:\/\/www.stinesofiesstiftelse.no\/#organization"},"image":{"@id":"https:\/\/www.stinesofiesstiftelse.no\/folkets-konge-barnas-konge\/#primaryimage"},"thumbnailUrl":"https:\/\/d1713zmupob0gt.cloudfront.net\/wp-content\/uploads\/2026\/08\/31141315\/6c8050a0-1303-4555-bead-1a8c6c952c6d-2-scaled.jpg","keywords":["Ada Sofie Austegard","stine sofies stiftelse"],"articleSection":["Historier"],"inLanguage":"sma-NO"},{"@type":"WebPage","@id":"https:\/\/www.stinesofiesstiftelse.no\/folkets-konge-barnas-konge\/","url":"https:\/\/www.stinesofiesstiftelse.no\/folkets-konge-barnas-konge\/","name":"Folkets konge - barnas konge. - Stine Sofies Stiftelse","isPartOf":{"@id":"https:\/\/www.stinesofiesstiftelse.no\/#website"},"primaryImageOfPage":{"@id":"https:\/\/www.stinesofiesstiftelse.no\/folkets-konge-barnas-konge\/#primaryimage"},"image":{"@id":"https:\/\/www.stinesofiesstiftelse.no\/folkets-konge-barnas-konge\/#primaryimage"},"thumbnailUrl":"https:\/\/d1713zmupob0gt.cloudfront.net\/wp-content\/uploads\/2026\/08\/31141315\/6c8050a0-1303-4555-bead-1a8c6c952c6d-2-scaled.jpg","datePublished":"2026-08-28T17:28:20+00:00","dateModified":"2026-08-31T12:13:22+00:00","breadcrumb":{"@id":"https:\/\/www.stinesofiesstiftelse.no\/folkets-konge-barnas-konge\/#breadcrumb"},"inLanguage":"sma-NO","potentialAction":[{"@type":"ReadAction","target":["https:\/\/www.stinesofiesstiftelse.no\/folkets-konge-barnas-konge\/"]}]},{"@type":"ImageObject","inLanguage":"sma-NO","@id":"https:\/\/www.stinesofiesstiftelse.no\/folkets-konge-barnas-konge\/#primaryimage","url":"https:\/\/d1713zmupob0gt.cloudfront.net\/wp-content\/uploads\/2026\/08\/31141315\/6c8050a0-1303-4555-bead-1a8c6c952c6d-2-scaled.jpg","contentUrl":"https:\/\/d1713zmupob0gt.cloudfront.net\/wp-content\/uploads\/2026\/08\/31141315\/6c8050a0-1303-4555-bead-1a8c6c952c6d-2-scaled.jpg","width":2048,"height":2560},{"@type":"BreadcrumbList","@id":"https:\/\/www.stinesofiesstiftelse.no\/folkets-konge-barnas-konge\/#breadcrumb","itemListElement":[{"@type":"ListItem","position":1,"name":"Hjem","item":"https:\/\/www.stinesofiesstiftelse.no\/"},{"@type":"ListItem","position":2,"name":"Folkets konge &#8211; barnas konge."}]},{"@type":"WebSite","@id":"https:\/\/www.stinesofiesstiftelse.no\/#website","url":"https:\/\/www.stinesofiesstiftelse.no\/","name":"Stine Sofies Stiftelse","description":"","publisher":{"@id":"https:\/\/www.stinesofiesstiftelse.no\/#organization"},"potentialAction":[{"@type":"SearchAction","target":{"@type":"EntryPoint","urlTemplate":"https:\/\/www.stinesofiesstiftelse.no\/?s={search_term_string}"},"query-input":{"@type":"PropertyValueSpecification","valueRequired":true,"valueName":"search_term_string"}}],"inLanguage":"sma-NO"},{"@type":"Organization","@id":"https:\/\/www.stinesofiesstiftelse.no\/#organization","name":"Stine Sofies Stiftelse","url":"https:\/\/www.stinesofiesstiftelse.no\/","logo":{"@type":"ImageObject","inLanguage":"sma-NO","@id":"https:\/\/www.stinesofiesstiftelse.no\/#\/schema\/logo\/image\/","url":"https:\/\/d1713zmupob0gt.cloudfront.net\/wp-content\/uploads\/2024\/10\/19093628\/cropped-Stine_sofies_stiftelse_logosymbol.png","contentUrl":"https:\/\/d1713zmupob0gt.cloudfront.net\/wp-content\/uploads\/2024\/10\/19093628\/cropped-Stine_sofies_stiftelse_logosymbol.png","width":512,"height":512,"caption":"Stine Sofies Stiftelse"},"image":{"@id":"https:\/\/www.stinesofiesstiftelse.no\/#\/schema\/logo\/image\/"},"sameAs":["https:\/\/www.facebook.com\/StineSofiesStiftelse\/"]},{"@type":"Person","@id":"https:\/\/www.stinesofiesstiftelse.no\/#\/schema\/person\/3aaa7fe7368dd0d50b336ef2ed9f92d7","name":"Eline Haagenrud Gr\u00f8nlid","image":{"@type":"ImageObject","inLanguage":"sma-NO","@id":"https:\/\/secure.gravatar.com\/avatar\/9420d39e3281bbf42b1dd5f7d2d2fbd7fddaee2619162e2a7b9874b30b4a86d8?s=96&d=mm&r=g","url":"https:\/\/secure.gravatar.com\/avatar\/9420d39e3281bbf42b1dd5f7d2d2fbd7fddaee2619162e2a7b9874b30b4a86d8?s=96&d=mm&r=g","contentUrl":"https:\/\/secure.gravatar.com\/avatar\/9420d39e3281bbf42b1dd5f7d2d2fbd7fddaee2619162e2a7b9874b30b4a86d8?s=96&d=mm&r=g","caption":"Eline Haagenrud Gr\u00f8nlid"}}]}},"mfb_rest_fields":["title","yoast_head","yoast_head_json"],"_links":{"self":[{"href":"https:\/\/www.stinesofiesstiftelse.no\/sma\/wp-json\/wp\/v2\/posts\/15553","targetHints":{"allow":["GET"]}}],"collection":[{"href":"https:\/\/www.stinesofiesstiftelse.no\/sma\/wp-json\/wp\/v2\/posts"}],"about":[{"href":"https:\/\/www.stinesofiesstiftelse.no\/sma\/wp-json\/wp\/v2\/types\/post"}],"author":[{"embeddable":true,"href":"https:\/\/www.stinesofiesstiftelse.no\/sma\/wp-json\/wp\/v2\/users\/12"}],"replies":[{"embeddable":true,"href":"https:\/\/www.stinesofiesstiftelse.no\/sma\/wp-json\/wp\/v2\/comments?post=15553"}],"version-history":[{"count":3,"href":"https:\/\/www.stinesofiesstiftelse.no\/sma\/wp-json\/wp\/v2\/posts\/15553\/revisions"}],"predecessor-version":[{"id":15573,"href":"https:\/\/www.stinesofiesstiftelse.no\/sma\/wp-json\/wp\/v2\/posts\/15553\/revisions\/15573"}],"wp:featuredmedia":[{"embeddable":true,"href":"https:\/\/www.stinesofiesstiftelse.no\/sma\/wp-json\/wp\/v2\/media\/15576"}],"wp:attachment":[{"href":"https:\/\/www.stinesofiesstiftelse.no\/sma\/wp-json\/wp\/v2\/media?parent=15553"}],"wp:term":[{"taxonomy":"category","embeddable":true,"href":"https:\/\/www.stinesofiesstiftelse.no\/sma\/wp-json\/wp\/v2\/categories?post=15553"},{"taxonomy":"post_tag","embeddable":true,"href":"https:\/\/www.stinesofiesstiftelse.no\/sma\/wp-json\/wp\/v2\/tags?post=15553"}],"curies":[{"name":"wp","href":"https:\/\/api.w.org\/{rel}","templated":true}]}}