{"id":14740,"date":"2026-04-23T15:09:33","date_gmt":"2026-04-23T13:09:33","guid":{"rendered":"https:\/\/www.stinesofiesstiftelse.no\/?p=14740"},"modified":"2026-04-23T17:56:29","modified_gmt":"2026-04-23T15:56:29","slug":"de-minste-barna-er-i-praksis-rettslose","status":"publish","type":"post","link":"https:\/\/www.stinesofiesstiftelse.no\/sma\/de-minste-barna-er-i-praksis-rettslose\/","title":{"rendered":"\u2014 De minste barna er i praksis rettsl\u00f8se"},"content":{"rendered":"\n<p class=\"is-style-leadtext\">En ny rapport fra Kripos sl\u00e5r fast at vold mot sm\u00e5 barn er s\u00e6rlig vanskelig \u00e5 forebygge, avdekke og etterforske. \u2014 Vi m\u00e5 slutte \u00e5 lukke \u00f8ynene for at de minste barna utsettes for den groveste volden, sier generalsekret\u00e6r Ada Sofie Austegard i Stine Sofies Stiftelse. N\u00e5 forventer hun fortgang i tiltak som kan bedre barnas rettssikkerhet.&nbsp;<\/p>\n\n\n\n<figure class=\"wp-block-image alignwide size-large\"><img loading=\"lazy\" decoding=\"async\" width=\"1024\" height=\"683\" src=\"https:\/\/d1713zmupob0gt.cloudfront.net\/wp-content\/uploads\/2026\/04\/23175553\/Ada-Line-BHK-2026-1-1_kun-Ada-1024x683.jpg\" alt=\"\" class=\"wp-image-14766\" srcset=\"https:\/\/d1713zmupob0gt.cloudfront.net\/wp-content\/uploads\/2026\/04\/23175553\/Ada-Line-BHK-2026-1-1_kun-Ada-1024x683.jpg 1024w, https:\/\/d1713zmupob0gt.cloudfront.net\/wp-content\/uploads\/2026\/04\/23175553\/Ada-Line-BHK-2026-1-1_kun-Ada-300x200.jpg 300w, https:\/\/d1713zmupob0gt.cloudfront.net\/wp-content\/uploads\/2026\/04\/23175553\/Ada-Line-BHK-2026-1-1_kun-Ada-768x512.jpg 768w, https:\/\/d1713zmupob0gt.cloudfront.net\/wp-content\/uploads\/2026\/04\/23175553\/Ada-Line-BHK-2026-1-1_kun-Ada-1536x1024.jpg 1536w, https:\/\/d1713zmupob0gt.cloudfront.net\/wp-content\/uploads\/2026\/04\/23175553\/Ada-Line-BHK-2026-1-1_kun-Ada-2048x1365.jpg 2048w\" sizes=\"auto, (max-width: 1024px) 100vw, 1024px\" \/><figcaption class=\"wp-element-caption\">20260319 Grimstad, \rStine Sofies Stiftelse F.V: Juridisk r\u00e5dgiver Line Duesund Svendsen og Generalsekret\u00e6r Ada Sofie Austegard\rFoto: Kjell Inge S\u00f8reide,<\/figcaption><\/figure>\n\n\n\n<p>I rapporten &#8220;<a href=\"https:\/\/www.politiet.no\/globalassets\/tall-og-fakta\/vold\/alvorlig-vold-mot-sma-barn-2026.pdf\" target=\"_blank\" rel=\"noreferrer noopener\">Alvorlig vold mot sm\u00e5 barn<\/a>&#8221; har Kripos gjennomg\u00e5tt 114 straffesaker fra 2019 til 2024 hvor det var mistanke om alvorlig vold mot barn. Her kommer det frem at til sammen 115 barn under fire \u00e5r var registrert som forn\u00e6rmet. 65 prosent av barna var ett \u00e5r eller yngre da skaden ble registrert. Den yngste bare to uker gammel.<\/p>\n\n\n\n<p>\u2014 Fremdeles utsettes de yngste barna for den mest alvorlige volden. Volden har ogs\u00e5 st\u00f8rst konsekvenser for dem, noe som fremkommer helt tydelig i rapporten, sier Ada Sofie Austegard, generalsekret\u00e6r i Stine Sofies Stiftelse.<\/p>\n\n\n\n<blockquote class=\"wp-block-quote is-layout-flow wp-block-quote-is-layout-flow\">\n<p>Vold mot sm\u00e5 barn er et alvorlig samfunnsproblem med betydelige konsekvenser b\u00e5de p\u00e5 kort og lang sikt. I sine f\u00f8rste leve\u00e5r er barn s\u00e6rlig s\u00e5rbare og ringvirkningene kan bli store. Tidlig avdekking og m\u00e5lrettet innsats er dermed helt avgj\u00f8rende.<\/p>\n<\/blockquote>\n\n\n\n<p>Hun viser til at 31 barn av barna hadde et s\u00e6rlig alvorlig skadebilde, typisk med sv\u00e6rt mange brudd, alvorlig hjerneskade, livstruende skader eller d\u00f8de. I sakene var 156 personer anmeldt, og nesten alle var barnets foreldre.&nbsp;<\/p>\n\n\n\n<p>\u2014 De minste barna er helt prisgitt sine omgivelser. Vi kan ikke lenger v\u00e6re naive og tro at sm\u00e5 barn ikke kan bli utsatt for vold av egne omsorgspersoner, sier Austegard.<\/p>\n\n\n\n<figure class=\"wp-block-image size-large\"><img loading=\"lazy\" decoding=\"async\" width=\"1024\" height=\"683\" src=\"https:\/\/d1713zmupob0gt.cloudfront.net\/wp-content\/uploads\/2026\/02\/27083108\/p83-photo-edited-1024x683.jpg\" alt=\"\" class=\"wp-image-13843\" srcset=\"https:\/\/d1713zmupob0gt.cloudfront.net\/wp-content\/uploads\/2026\/02\/27083108\/p83-photo-edited-1024x683.jpg 1024w, https:\/\/d1713zmupob0gt.cloudfront.net\/wp-content\/uploads\/2026\/02\/27083108\/p83-photo-edited-300x200.jpg 300w, https:\/\/d1713zmupob0gt.cloudfront.net\/wp-content\/uploads\/2026\/02\/27083108\/p83-photo-edited-768x512.jpg 768w, https:\/\/d1713zmupob0gt.cloudfront.net\/wp-content\/uploads\/2026\/02\/27083108\/p83-photo-edited.jpg 1245w\" sizes=\"auto, (max-width: 1024px) 100vw, 1024px\" \/><\/figure>\n\n\n\n<div class=\"wp-block-group has-secondary-background-color has-background has-global-padding is-layout-constrained wp-container-core-group-is-layout-80fb368b wp-block-group-is-layout-constrained\" style=\"padding-top:var(--wp--preset--spacing--30);padding-right:var(--wp--preset--spacing--30);padding-bottom:var(--wp--preset--spacing--30);padding-left:var(--wp--preset--spacing--30)\">\n<h4 class=\"wp-block-heading\">N\u00f8kkeltall fra rapporten<\/h4>\n\n\n\n<ul class=\"wp-block-list\">\n<li>115 barn under fire \u00e5r var registrert som forn\u00e6rmet.<\/li>\n\n\n\n<li>65 prosent av dem var ett \u00e5r eller under da skaden ble registrert. <\/li>\n\n\n\n<li>Brudd i kroppen og \u00e9n eller flere hodeskader, inkludert brudd i hodeskallen, var de vanligste formene for skade.<\/li>\n\n\n\n<li>156 personer var anmeldt i sakene, nesten alle var barnets foreldre. <\/li>\n<\/ul>\n\n\n\n<p><a href=\"https:\/\/www.politiet.no\/globalassets\/tall-og-fakta\/vold\/alvorlig-vold-mot-sma-barn-2026.pdf\">Lenke til rapporten<\/a><\/p>\n<\/div>\n\n\n\n<p>P\u00e5 dagens lansering hos Kripos deltok politisk r\u00e5dgiver i Stine Sofies Stiftelse, Inga Marte Thorkildsen. Her oppfordret hun beslutningstakere &#8211; og hele samfunnet &#8211; til \u00e5 ta innover seg hvor maktesl\u00f8se de minste barna er: <\/p>\n\n\n\n<p>\u2014 Den mest alvorlige volden rammer de minste og mest forsvarsl\u00f8se blant oss, samtidig som de har det d\u00e5rligste rettsvernet. Det er et livsfarlig paradoks!<\/p>\n\n\n\n<p>Hun p\u00e5pekte ogs\u00e5 viktigheten av at funnene i rapporten f\u00f8lges opp &#8211; og det haster:<\/p>\n\n\n\n<p>\u2014 Mange foreldre er ogs\u00e5 veldig s\u00e5rbare. De trenger hjelp! Og det m\u00e5 g\u00e5 mye fortere enn i dag, for disse barna har virkelig ikke tid til \u00e5 vente.<\/p>\n\n\n\n<figure class=\"wp-block-image size-large\"><img loading=\"lazy\" decoding=\"async\" width=\"1024\" height=\"683\" src=\"https:\/\/d1713zmupob0gt.cloudfront.net\/wp-content\/uploads\/2024\/10\/24110353\/Inga-Marte-Thorkildsen-alvor-2024-1024x683.jpeg\" alt=\"Samfunnskontakt og politisk r\u00e5dgiver i Stine Sofies Stiftelse, Inga Marte Thorkildsen.\" class=\"wp-image-9100\"\/ style=\"object-position: 50% 50%;\" srcset=\"https:\/\/d1713zmupob0gt.cloudfront.net\/wp-content\/uploads\/2024\/10\/24110353\/Inga-Marte-Thorkildsen-alvor-2024-1024x683.jpeg 1024w, https:\/\/d1713zmupob0gt.cloudfront.net\/wp-content\/uploads\/2024\/10\/24110353\/Inga-Marte-Thorkildsen-alvor-2024-300x200.jpeg 300w, https:\/\/d1713zmupob0gt.cloudfront.net\/wp-content\/uploads\/2024\/10\/24110353\/Inga-Marte-Thorkildsen-alvor-2024-768x512.jpeg 768w, https:\/\/d1713zmupob0gt.cloudfront.net\/wp-content\/uploads\/2024\/10\/24110353\/Inga-Marte-Thorkildsen-alvor-2024-1536x1024.jpeg 1536w\" sizes=\"auto, (max-width: 1024px) 100vw, 1024px\" \/><figcaption class=\"wp-element-caption\"><em>Samfunnskontakt og politisk r\u00e5dgiver i Stine Sofies Stiftelse, Inga Marte Thorkildsen.<\/em><\/figcaption><\/figure>\n\n\n\n<h2 class=\"wp-block-heading\">Behov for bedre rettssikkerhet<\/h2>\n\n\n\n<p>I rapporten peker Kripos  p\u00e5 en rekke omr\u00e5der som kan styrke barns rettssikkerhet. God ivaretakelse av barns interesser i etterforskning av straffesaker er ett av disse.. Stine Sofies Stiftelse har i mange \u00e5r ropt varsko om b\u00e5de for lite ressurser til etterforskning og mangler i rettsvesenet for \u00e5 sikre de minste barna lik rettssikkerhet som de voksne. <\/p>\n\n\n\n<p>\u2014 Funnene i Kriposrapporten viser at de minste barna er i praksis rettsl\u00f8se. Det haster \u00e5 f\u00e5 p\u00e5 plass bedre samhandling mellom etatene som kan avdekke volden, og bedre rutiner for \u00e5 sikre best mulig etterforskning og rettssikkerhet for barnet ved en eventuell rettsak, sier Austegard.&nbsp;&nbsp;&nbsp;<\/p>\n\n\n\n<div class=\"wp-block-group has-secondary-background-color has-background has-global-padding is-layout-constrained wp-container-core-group-is-layout-c9b5e92c wp-block-group-is-layout-constrained\" style=\"margin-top:var(--wp--preset--spacing--30);margin-bottom:var(--wp--preset--spacing--30);padding-top:var(--wp--preset--spacing--30);padding-right:var(--wp--preset--spacing--30);padding-bottom:var(--wp--preset--spacing--30);padding-left:var(--wp--preset--spacing--30)\">\n<h4 class=\"wp-block-heading\">Obligatorisk d\u00f8dsstedsunders\u00f8kelse<\/h4>\n\n\n\n<p>N\u00e5r barn d\u00f8r plutselig hjemme, kan foreldre i dag nekte d\u00f8dsstedsunders\u00f8kelse. Rundt 30 prosent takker nei til frivillig ordning, og viktige spor kan g\u00e5 tapt. I motsetning til voksne finnes ingen obligatorisk ordning for barn.<\/p>\n\n\n\n<p>Det b\u00f8r innf\u00f8res obligatorisk d\u00f8dsstedsunders\u00f8kelse ved alle plutselige og uventede barned\u00f8dsfall, gjennomf\u00f8rt av politiet med n\u00f8dvendig kriminalteknisk kompetanse. Grunnloven er ikke til hinder for en slik ordning. Alle barn fortjener at samfunnet gj\u00f8r sitt ytterste for \u00e5 finne sannheten om deres d\u00f8d.<\/p>\n\n\n\n<p><a href=\"https:\/\/www.stinesofiesstiftelse.no\/vart-arbeid\/barnas-havarikommisjon\/barnas-havarikommisjon-2026\/#tema2\">Les hele forslaget<\/a><\/p>\n<\/div>\n\n\n\n<p>Kripos peker p\u00e5 regelverket for d\u00f8dsstedsunders\u00f8kelse og bistandsadvokat til d\u00f8de barn som eksempler p\u00e5 slike tiltak. Dette er tiltak som vi i stiftelsen har l\u00f8ftet en rekke ganger, senest ved lanseringen av rapporten Barnas Havarikommisjon 2026 i februar i \u00e5r.<\/p>\n\n\n\n<p><a href=\"https:\/\/www.stinesofiesstiftelse.no\/vart-arbeid\/barnas-havarikommisjon\/\">Les mer om Barnas Havarikommisjon<\/a><\/p>\n\n\n\n<div class=\"wp-block-group has-secondary-background-color has-background has-global-padding is-layout-constrained wp-container-core-group-is-layout-c9b5e92c wp-block-group-is-layout-constrained\" style=\"margin-top:var(--wp--preset--spacing--30);margin-bottom:var(--wp--preset--spacing--30);padding-top:var(--wp--preset--spacing--30);padding-right:var(--wp--preset--spacing--30);padding-bottom:var(--wp--preset--spacing--30);padding-left:var(--wp--preset--spacing--30)\">\n<h4 class=\"wp-block-heading\">D\u00f8de barns rett til advokat<\/h4>\n\n\n\n<p>N\u00e5r barn d\u00f8r plutselig og uventet, har de ingen automatisk rett til egen advokat \u2013 selv n\u00e5r foreldre er mistenkt. Foreldrene kan f\u00e5 forsvarer eller bistandsadvokat, men barnet \u2013 offeret \u2013 st\u00e5r uten egen representant. Det svekker rettssikkerheten.<\/p>\n\n\n\n<p>En bistandsadvokat for det d\u00f8de barnet kunne sikret grundig etterforskning, p\u00e5klaget henleggelser og ivaretatt barnets rett til liv og beskyttelse etter barnekonvensjonen. Det finnes rettslig adgang til \u00e5 oppnevne advokat, men praksisen er tilfeldig. Det b\u00f8r innf\u00f8res en klar og selvstendig rett til bistandsadvokat for d\u00f8de barn i saker der d\u00f8ds\u00e5rsaken er uklar eller kan skyldes straffbare forhold.<\/p>\n\n\n\n<p><a href=\"https:\/\/www.stinesofiesstiftelse.no\/vart-arbeid\/barnas-havarikommisjon\/barnas-havarikommisjon-2026\/#tema2\">Les hele forslaget<\/a><\/p>\n<\/div>\n\n\n\n<h2 class=\"wp-block-heading\">Trygge barn hele livet<\/h2>\n\n\n\n<p>God og tett samhandling mellom politi, barnevern og helsetjenester trekkes ogs\u00e5 frem som et viktig innsatsomr\u00e5de. Tidlig innsats kombinert med systematisk og koordinert oppf\u00f8lging, er et annet. <\/p>\n\n\n\n<p>Dette har v\u00e6rt viktig i stiftelsens arbeid mot helsestasjoner og sm\u00e5barnsforeldre. I 2019 lanserte stiftelsen Stine Sofie Foreldrepakke, et universelt informasjonsprogram som brukes p\u00e5 mer enn 90 prosent av landets helsestasjoner og sykehus.  M\u00e5let er \u00e5 forebygge situasjoner som er utrygge og farlige for barnet, og gi b\u00e5de barn og voksne en god start p\u00e5 det nye livet. <\/p>\n\n\n\n<div class=\"wp-block-group has-secondary-background-color has-background has-global-padding is-layout-constrained wp-container-core-group-is-layout-c9b5e92c wp-block-group-is-layout-constrained\" style=\"border-style:none;border-width:0px;border-radius:0px;margin-top:var(--wp--preset--spacing--30);margin-bottom:var(--wp--preset--spacing--30);padding-top:var(--wp--preset--spacing--30);padding-right:var(--wp--preset--spacing--30);padding-bottom:var(--wp--preset--spacing--30);padding-left:var(--wp--preset--spacing--30)\">\n<h4 class=\"wp-block-heading\">Stine Sofie Foreldrepakke<\/h4>\n\n\n\n<p>Stine Sofie Foreldrepakke er et universelt informasjonsprogram for alle blivende og nybakte foreldre. Programmet skal styrke foreldrerollen, og gi st\u00f8tte og verkt\u00f8y til \u00e5 h\u00e5ndtere det som er krevende.<\/p>\n\n\n\n<p><a href=\"https:\/\/www.stinesofiesstiftelse.no\/vart-arbeid\/stine-sofie-foreldrepakke\/\">Bli kjent med programmet her<\/a><\/p>\n<\/div>\n\n\n\n<p>\u00c5rets rapport fra Kripos er basert p\u00e5 saker der volden medf\u00f8rte alvorlig fysisk skade, varige m\u00e9n eller d\u00f8dsfall hos barn under fire \u00e5r. <a href=\"https:\/\/www.nrk.no\/sorlandet\/kripos-slar-alarm-om-modre-med-_munchausen-by-proxy__--_-morketall-1.17853683\" target=\"_blank\" rel=\"noreferrer noopener\">NRK har ogs\u00e5 omtalt rapporten<\/a>, og den h\u00f8ye d\u00f8deligheten ved medisinsk barnemishandling, der Stine Sofies Stiftelse kommer med konkrete forslag for \u00e5 gj\u00f8re det lettere \u00e5 oppdage dette.<\/p>\n\n\n\n<p>Kripos sin rapport er en oppf\u00f8lging av tilsvarende rapport fra 2019. Ada Sofie Austegard ser lite endring i omfangsbildet siden den gang.<\/p>\n\n\n\n<p>\u2014 N\u00e5 forventer vi at politikere og byr\u00e5krater v\u00e5kner, og f\u00e5r fortgang i arbeidet med \u00e5 sikre de yngste barna bedre rettsvern, sier generalsekret\u00e6ren i Stine Sofies Stiftelse.&nbsp;<\/p>\n\n\n\n<p><a href=\"https:\/\/www.stortinget.no\/no\/Hva-skjer-pa-Stortinget\/videoarkiv\/Arkiv-TV-sendinger\/?h=10005549&amp;dateid=10005864&amp;msid=383\" target=\"_blank\" rel=\"noreferrer noopener\"><\/a><\/p>\n\n\n\n<div style=\"height:100px\" aria-hidden=\"true\" class=\"wp-block-spacer\"><\/div>\n\n\n\n<div class=\"wp-block-columns alignwide sss-image-text sss-donationform has-secondary-background-color has-background is-layout-flex wp-container-core-columns-is-layout-3fb004a6 wp-block-columns-is-layout-flex\" style=\"border-radius:4px;padding-top:0;padding-right:0;padding-bottom:0;padding-left:0\">\n<div class=\"wp-block-column is-layout-flow wp-block-column-is-layout-flow\">\n<figure class=\"wp-block-image size-full\"><img loading=\"lazy\" decoding=\"async\" width=\"800\" height=\"520\" src=\"https:\/\/d1713zmupob0gt.cloudfront.net\/wp-content\/uploads\/2024\/04\/15155243\/Redd-gutt-sh_NY.jpg\" alt=\"\" class=\"wp-image-11006\" style=\"object-fit:cover\" srcset=\"https:\/\/d1713zmupob0gt.cloudfront.net\/wp-content\/uploads\/2024\/04\/15155243\/Redd-gutt-sh_NY.jpg 800w, https:\/\/d1713zmupob0gt.cloudfront.net\/wp-content\/uploads\/2024\/04\/15155243\/Redd-gutt-sh_NY-300x195.jpg 300w, https:\/\/d1713zmupob0gt.cloudfront.net\/wp-content\/uploads\/2024\/04\/15155243\/Redd-gutt-sh_NY-768x499.jpg 768w\" sizes=\"auto, (max-width: 800px) 100vw, 800px\" \/><\/figure>\n<\/div>\n\n\n\n<div class=\"wp-block-column is-layout-flow wp-block-column-is-layout-flow\" style=\"padding-top:var(--wp--preset--spacing--30);padding-right:0;padding-bottom:var(--wp--preset--spacing--30);padding-left:0\">\n<div class=\"wp-block-group is-layout-flow wp-block-group-is-layout-flow\" style=\"padding-right:var(--wp--preset--spacing--50)\">\n\n<section style=\"padding-top:var(--wp--preset--spacing--80);padding-bottom:var(--wp--preset--spacing--80);margin-top:0;margin-bottom:0;\" class=\"alignfull wp-block-aptum-donationform has-background has-light-background-background-color\" id=\"block-5fb1c8669b43afdbfc4268dff4aeada6\">\n\n<section id=\"block_5fb1c8669b43afdbfc4268dff4aeada6\" class=\"donationform\">\n\t<div class=\"\">\n\t\t<div class=\"donationform-content\">\n\t\t\t<div class=\"container\">\n\t\t\t\t<form name=\"donationForm\" action=\"\/bli-fast-giver\/\" id=\"donation-form\" class=\"giver\">\n\n\t\t\t\t\t<div class=\"radioGroup gi-type\">\n\t\t\t\t\t\t<input class=\"gi-type\" type=\"radio\" name=\"gi_type\" value=\"giver\" id=\"gi-type-giver\" checked>\n\t\t\t\t\t\t<label for=\"gi-type-giver\">Gi m\u00e5nedlig<\/label>\n\n\t\t\t\t\t\t<input class=\"gi-type\" type=\"radio\" name=\"gi_type\" value=\"gave\" id=\"gi-type-gave\">\n\t\t\t\t\t\t<label for=\"gi-type-gave\">Engangsgave<\/label>\n\t\t\t\t\t<\/div>\n\n\t\t\t\t\t<h3 class=\"giver-heading\">Fadder for en trygg barndom<\/h3>\n\t\t\t\t\t<h3 class=\"gave-heading\">Gave for en trygg barndom<\/h3>\n\n\t\t\t\t\t<div class=\"radioGroup\">\n\t\t\t\t\t\t<input class=\"priceVal\" type=\"radio\" name=\"pris\" value=\"250\" id=\"option1\" checked>\n\t\t\t\t\t\t<label for=\"option1\">250<\/label>\n\n\t\t\t\t\t\t<input class=\"priceVal\" type=\"radio\" name=\"pris\" value=\"300\" id=\"option2\">\n\t\t\t\t\t\t<label for=\"option2\">300<\/label>\n\n\t\t\t\t\t\t<input class=\"priceVal\" type=\"radio\" name=\"pris\" value=\"\" id=\"option3\">\n\t\t\t\t\t\t<label for=\"option3\">Annet<\/label>\n\n\t\t\t\t\t\t<input class=\"priceVal\" style=\"display: none; position: relative; font-family: inherit;\" type=\"number\" placeholder=\"1234\" value=\"\" id=\"option4\">\n\n\t\t\t\t\t\t<span class=\"indicator\"><\/span>\n\t\t\t\t\t<\/div>\n\n\t\t\t\t\t<p class=\"gave-description\">Med ditt bidrag er du med \u00e5 sikrer barn sine rettigheter og hjelper voldsutsatte barn og unge.<\/p>\n\t\t\t\t\t<p class=\"giver-description\">Du bidrar til \u00e5 forhindre vold og overgrep mot barn, sikre barns rettigheter og gi hjelp til voldsutsatte barn og unge.<\/p>\n\n\t\t\t\t\t<div class=\"radioGroup gateways\">\n\t\t\t\t\t\t<div class=\"gateway-giver\">\n\t\t\t\t\t\t\t<input class=\"gateway\" type=\"radio\" name=\"payment_method\" value=\"vippsrecurringexpress\" id=\"gateway-vippsuserinfo\" checked>\n\t\t\t\t\t\t\t<label for=\"gateway-vippsuserinfo\">Vipps<\/label>\n\t\t\t\t\t\t<\/div>\n\n\t\t\t\t\t\t<div class=\"gateway-giver\">\n\t\t\t\t\t\t\t<input class=\"gateway\" type=\"radio\" name=\"payment_method\" value=\"avtalegiro\" id=\"gateway-avtalegiro\">\n\t\t\t\t\t\t\t<label for=\"gateway-avtalegiro\">Kort\/avtalegiro<\/label>\n\t\t\t\t\t\t<\/div>\n\n\t\t\t\t\t\t<div class=\"gateway-gave\">\n\t\t\t\t\t\t\t<input class=\"gateway\" type=\"radio\" name=\"payment_method\" value=\"vippsexpress\" id=\"gateway-vipps\">\n\t\t\t\t\t\t\t<label for=\"gateway-vipps\">Vipps<\/label>\n\t\t\t\t\t\t<\/div>\n\n\t\t\t\t\t\t<div class=\"gateway-gave\">\n\t\t\t\t\t\t\t<input class=\"gateway\" type=\"radio\" name=\"payment_method\" value=\"netaxept\" id=\"gateway-netaxept\">\n\t\t\t\t\t\t\t<label for=\"gateway-netaxept\">Kort<\/label>\n\t\t\t\t\t\t<\/div>\n\t\t\t\t\t<\/div>\n\n\t\t\t\t\t<input type=\"submit\" name=\"giver-submit-btn\" class=\"donation-form-submit wp-block-button__link wp-element-button\" value=\"Registrer deg \" id=\"donation-form-giver-submit\">\n\t\t\t\t\t<input type=\"submit\" name=\"gave-submit-btn\" class=\"donation-form-submit wp-block-button__link wp-element-button\" value=\"Gi gave via Vipps\" id=\"donation-form-gave-submit\">\n\n\t\t\t\t<\/form>\n\t\t\t<\/div>\n\t\t<\/div>\n\t<\/div>\n<\/section>\n\n<\/section>\n<\/div>\n<\/div>\n<\/div>\n\n\n\n<section class=\"alignwide is-style-article wp-block-aptum-list-posts\">\n\n<div class=\"wp-block-aptum-list-posts__container container container--offset  columns-3\">\n\t<h2 class=\"wp-block-aptum-list-posts__section-heading\">Les ogs\u00e5<\/h2>\t\t\t<ul class=\"wp-block-aptum-list-posts__grid\" style=\"grid-template-columns: repeat(3, minmax(0, 1fr));\">\n\t\t\t\t\t\t\t<li id=\"post-14740\" class=\"wp-block-aptum-list-posts__item post-14740 post type-post status-publish format-standard has-post-thumbnail hentry category-juridisk category-stine-sofie-foreldrepakke tag-ada-sofie-austegard tag-alvorlig-vold tag-barnas-havarikommisjon tag-barns-rettigheter tag-bistandsadvokat tag-dodsstedsundersokelse tag-helsestasjoner tag-kripos tag-politikk tag-stine-sofie-foreldrepakke tag-stine-sofies-stiftelse tag-vold-og-overgrep\">\n\t\t\t\t\t\t\t\t\t<p class=\"wp-block-aptum-list-posts__lang-notice has-small-font-size\"><svg class=\"wp-block-aptum-list-posts__lang-notice-icon\" width=\"14\" height=\"14\" viewBox=\"0 0 24 24\" fill=\"none\" xmlns=\"http:\/\/www.w3.org\/2000\/svg\" aria-hidden=\"true\"><circle cx=\"12\" cy=\"12\" r=\"9.5\" stroke=\"currentColor\" stroke-width=\"1.5\"\/><ellipse cx=\"12\" cy=\"12\" rx=\"4\" ry=\"9.5\" stroke=\"currentColor\" stroke-width=\"1.5\"\/><path d=\"M3 12h18\" stroke=\"currentColor\" stroke-width=\"1.5\"\/><path d=\"M4.5 7h15\" stroke=\"currentColor\" stroke-width=\"1.5\"\/><path d=\"M4.5 17h15\" stroke=\"currentColor\" stroke-width=\"1.5\"\/><\/svg>Daate s\u00e6jroe ij leah \u00e5arjelsaemien g\u00efelesne.<\/p>\n\t\t\t\t\t\t\t\t\t\t\t\t\t<div class=\"wp-block-aptum-list-posts__article\">\n\t\t\t\t\t\t<a href=\"https:\/\/www.stinesofiesstiftelse.no\/sma\/de-minste-barna-er-i-praksis-rettslose\/\" class=\"wp-block-aptum-list-posts__thumbnail\" tabindex=\"-1\">\n\t\t\t\t\t\t\t<img decoding=\"async\" width=\"2560\" height=\"1707\" src=\"https:\/\/d1713zmupob0gt.cloudfront.net\/wp-content\/uploads\/2026\/04\/23175553\/Ada-Line-BHK-2026-1-1_kun-Ada-scaled.jpg\" class=\"wp-block-aptum-list-posts__image wp-post-image\" alt=\"\" loading=\"lazy\" srcset=\"https:\/\/d1713zmupob0gt.cloudfront.net\/wp-content\/uploads\/2026\/04\/23175553\/Ada-Line-BHK-2026-1-1_kun-Ada-scaled.jpg 2560w, https:\/\/d1713zmupob0gt.cloudfront.net\/wp-content\/uploads\/2026\/04\/23175553\/Ada-Line-BHK-2026-1-1_kun-Ada-300x200.jpg 300w, https:\/\/d1713zmupob0gt.cloudfront.net\/wp-content\/uploads\/2026\/04\/23175553\/Ada-Line-BHK-2026-1-1_kun-Ada-1024x683.jpg 1024w, https:\/\/d1713zmupob0gt.cloudfront.net\/wp-content\/uploads\/2026\/04\/23175553\/Ada-Line-BHK-2026-1-1_kun-Ada-768x512.jpg 768w, https:\/\/d1713zmupob0gt.cloudfront.net\/wp-content\/uploads\/2026\/04\/23175553\/Ada-Line-BHK-2026-1-1_kun-Ada-1536x1024.jpg 1536w, https:\/\/d1713zmupob0gt.cloudfront.net\/wp-content\/uploads\/2026\/04\/23175553\/Ada-Line-BHK-2026-1-1_kun-Ada-2048x1365.jpg 2048w\" sizes=\"auto, (max-width: 2560px) 100vw, 2560px\" \/>\t\t\t\t\t\t<\/a>\n\t\t\t\t\t\t<div class=\"wp-block-aptum-list-posts__article-content\">\n\t\t\t\t\t\t\t<div class=\"wp-block-aptum-list-posts__meta\">\n\t\t\t\t\t\t\t\t<div class=\"wp-block-aptum-list-posts__meta-date has-small-font-size\">\n\t\t\t\t\t\t\t\t\t23.04.26\t\t\t\t\t\t\t\t<\/div>\n\t\t\t\t\t\t\t<div class=\"wp-block-aptum-list-posts__meta-categories\" lang=\"nb\">\n\t\t\t\t\t\t\t\t\t<a href=\"https:\/\/www.stinesofiesstiftelse.no\/kategori\/juridisk\/\">Juridisk<\/a>, <a href=\"https:\/\/www.stinesofiesstiftelse.no\/kategori\/stine-sofie-foreldrepakke\/\">Stine Sofie Foreldrepakke<\/a>\t\t\t\t\t\t\t\t<\/div>\n\t\t\t\t\t\t\t<\/div>\n\t\t\t\t\t\t\t<h3 class=\"wp-block-aptum-list-posts__title\" lang=\"nb\">\n\t\t\t\t\t\t\t\t<a href=\"https:\/\/www.stinesofiesstiftelse.no\/sma\/de-minste-barna-er-i-praksis-rettslose\/\" tabindex=\"-1\">\u2014 De minste barna er i praksis rettsl\u00f8se<\/a>\n\t\t\t\t\t\t\t<\/h3>\n\t\t\t\t\t\t\t\t\t\t\t\t\t\t\t<p class=\"wp-block-aptum-list-posts__excerpt\" lang=\"nb\">En ny rapport fra Kripos sl\u00e5r fast at vold mot sm\u00e5 barn er s\u00e6rlig vanskelig \u00e5 forebygge, avdekke og etterforske.&hellip;<\/p>\n\t\t\t\t\t\t\t\t<a href=\"https:\/\/www.stinesofiesstiftelse.no\/sma\/de-minste-barna-er-i-praksis-rettslose\/\" class=\"wp-block-aptum-list-posts__more\">\n\t\t\t\t\t\t\t\t\tRead more\t\t\t\t\t\t\t\t\t<span class=\"screen-reader-text\">about \u2014 De minste barna er i praksis rettsl\u00f8se<\/span>\n\t\t\t\t\t\t\t\t<\/a>\n\t\t\t\t\t\t\t\t\t\t\t\t\t<\/div>\n\t\t\t\t\t<\/div>\n\t\t\t\t\t\t\t\t<\/li>\n\t\t\t\t\t\t\t<li id=\"post-13851\" class=\"wp-block-aptum-list-posts__item post-13851 post type-post status-publish format-standard has-post-thumbnail hentry category-diverse category-juridisk category-politisk tag-avdekke-vold tag-barnas-havarikommisjon tag-fns-barnekonvesjon tag-inga-marte-thorkildsen tag-nettovergrep tag-rettssikkerhet tag-stine-sofies-stiftelse tag-vold-mot-de-minste tag-vold-og-overgrep tag-wikborg-rein\">\n\t\t\t\t\t\t\t\t\t<p class=\"wp-block-aptum-list-posts__lang-notice has-small-font-size\"><svg class=\"wp-block-aptum-list-posts__lang-notice-icon\" width=\"14\" height=\"14\" viewBox=\"0 0 24 24\" fill=\"none\" xmlns=\"http:\/\/www.w3.org\/2000\/svg\" aria-hidden=\"true\"><circle cx=\"12\" cy=\"12\" r=\"9.5\" stroke=\"currentColor\" stroke-width=\"1.5\"\/><ellipse cx=\"12\" cy=\"12\" rx=\"4\" ry=\"9.5\" stroke=\"currentColor\" stroke-width=\"1.5\"\/><path d=\"M3 12h18\" stroke=\"currentColor\" stroke-width=\"1.5\"\/><path d=\"M4.5 7h15\" stroke=\"currentColor\" stroke-width=\"1.5\"\/><path d=\"M4.5 17h15\" stroke=\"currentColor\" stroke-width=\"1.5\"\/><\/svg>Daate s\u00e6jroe ij leah \u00e5arjelsaemien g\u00efelesne.<\/p>\n\t\t\t\t\t\t\t\t\t\t\t\t\t<div class=\"wp-block-aptum-list-posts__article\">\n\t\t\t\t\t\t<a href=\"https:\/\/www.stinesofiesstiftelse.no\/sma\/norge-bryter-fns-barnekonvensjon\/\" class=\"wp-block-aptum-list-posts__thumbnail\" tabindex=\"-1\">\n\t\t\t\t\t\t\t<img decoding=\"async\" width=\"1920\" height=\"1280\" src=\"https:\/\/d1713zmupob0gt.cloudfront.net\/wp-content\/uploads\/2026\/02\/27114405\/Wikborg-Rein-DSC06400.jpg\" class=\"wp-block-aptum-list-posts__image wp-post-image\" alt=\"\" loading=\"lazy\" srcset=\"https:\/\/d1713zmupob0gt.cloudfront.net\/wp-content\/uploads\/2026\/02\/27114405\/Wikborg-Rein-DSC06400.jpg 1920w, https:\/\/d1713zmupob0gt.cloudfront.net\/wp-content\/uploads\/2026\/02\/27114405\/Wikborg-Rein-DSC06400-300x200.jpg 300w, https:\/\/d1713zmupob0gt.cloudfront.net\/wp-content\/uploads\/2026\/02\/27114405\/Wikborg-Rein-DSC06400-1024x683.jpg 1024w, https:\/\/d1713zmupob0gt.cloudfront.net\/wp-content\/uploads\/2026\/02\/27114405\/Wikborg-Rein-DSC06400-768x512.jpg 768w, https:\/\/d1713zmupob0gt.cloudfront.net\/wp-content\/uploads\/2026\/02\/27114405\/Wikborg-Rein-DSC06400-1536x1024.jpg 1536w\" sizes=\"auto, (max-width: 1920px) 100vw, 1920px\" \/>\t\t\t\t\t\t<\/a>\n\t\t\t\t\t\t<div class=\"wp-block-aptum-list-posts__article-content\">\n\t\t\t\t\t\t\t<div class=\"wp-block-aptum-list-posts__meta\">\n\t\t\t\t\t\t\t\t<div class=\"wp-block-aptum-list-posts__meta-date has-small-font-size\">\n\t\t\t\t\t\t\t\t\t27.02.26\t\t\t\t\t\t\t\t<\/div>\n\t\t\t\t\t\t\t<div class=\"wp-block-aptum-list-posts__meta-categories\" lang=\"nb\">\n\t\t\t\t\t\t\t\t\t<a href=\"https:\/\/www.stinesofiesstiftelse.no\/kategori\/diverse\/\">Diverse<\/a>, <a href=\"https:\/\/www.stinesofiesstiftelse.no\/kategori\/juridisk\/\">Juridisk<\/a>, <a href=\"https:\/\/www.stinesofiesstiftelse.no\/kategori\/politisk\/\">Politisk<\/a>\t\t\t\t\t\t\t\t<\/div>\n\t\t\t\t\t\t\t<\/div>\n\t\t\t\t\t\t\t<h3 class=\"wp-block-aptum-list-posts__title\" lang=\"nb\">\n\t\t\t\t\t\t\t\t<a href=\"https:\/\/www.stinesofiesstiftelse.no\/sma\/norge-bryter-fns-barnekonvensjon\/\" tabindex=\"-1\">\u2014 Norge bryter FNs barnekonvensjon\u00a0<\/a>\n\t\t\t\t\t\t\t<\/h3>\n\t\t\t\t\t\t\t\t\t\t\t\t\t\t\t<p class=\"wp-block-aptum-list-posts__excerpt\" lang=\"nb\">Barn og unge utsatt for vold og overgrep sviktes systematisk fra f\u00f8r f\u00f8dsel og helt frem til voksenlivet. En ny&hellip;<\/p>\n\t\t\t\t\t\t\t\t<a href=\"https:\/\/www.stinesofiesstiftelse.no\/sma\/norge-bryter-fns-barnekonvensjon\/\" class=\"wp-block-aptum-list-posts__more\">\n\t\t\t\t\t\t\t\t\tRead more\t\t\t\t\t\t\t\t\t<span class=\"screen-reader-text\">about \u2014 Norge bryter FNs barnekonvensjon\u00a0<\/span>\n\t\t\t\t\t\t\t\t<\/a>\n\t\t\t\t\t\t\t\t\t\t\t\t\t<\/div>\n\t\t\t\t\t<\/div>\n\t\t\t\t\t\t\t\t<\/li>\n\t\t\t\t\t\t\t<li id=\"post-12543\" class=\"wp-block-aptum-list-posts__item post-12543 post type-post status-publish format-standard has-post-thumbnail hentry category-juridisk tag-barnas-havarikommisjon tag-digitale-seksuelle-overgrep tag-vold-og-overgrep\">\n\t\t\t\t\t\t\t\t\t<p class=\"wp-block-aptum-list-posts__lang-notice has-small-font-size\"><svg class=\"wp-block-aptum-list-posts__lang-notice-icon\" width=\"14\" height=\"14\" viewBox=\"0 0 24 24\" fill=\"none\" xmlns=\"http:\/\/www.w3.org\/2000\/svg\" aria-hidden=\"true\"><circle cx=\"12\" cy=\"12\" r=\"9.5\" stroke=\"currentColor\" stroke-width=\"1.5\"\/><ellipse cx=\"12\" cy=\"12\" rx=\"4\" ry=\"9.5\" stroke=\"currentColor\" stroke-width=\"1.5\"\/><path d=\"M3 12h18\" stroke=\"currentColor\" stroke-width=\"1.5\"\/><path d=\"M4.5 7h15\" stroke=\"currentColor\" stroke-width=\"1.5\"\/><path d=\"M4.5 17h15\" stroke=\"currentColor\" stroke-width=\"1.5\"\/><\/svg>Daate s\u00e6jroe ij leah \u00e5arjelsaemien g\u00efelesne.<\/p>\n\t\t\t\t\t\t\t\t\t\t\t\t\t<div class=\"wp-block-aptum-list-posts__article\">\n\t\t\t\t\t\t<a href=\"https:\/\/www.stinesofiesstiftelse.no\/sma\/barnas-havarikommisjon-2026\/\" class=\"wp-block-aptum-list-posts__thumbnail\" tabindex=\"-1\">\n\t\t\t\t\t\t\t<img decoding=\"async\" width=\"2560\" height=\"1713\" src=\"https:\/\/d1713zmupob0gt.cloudfront.net\/wp-content\/uploads\/2026\/02\/18075509\/BHK26_MockUp1-scaled.jpg\" class=\"wp-block-aptum-list-posts__image wp-post-image\" alt=\"Illustrasjonsbilde av rapporten.\" loading=\"lazy\" srcset=\"https:\/\/d1713zmupob0gt.cloudfront.net\/wp-content\/uploads\/2026\/02\/18075509\/BHK26_MockUp1-scaled.jpg 2560w, https:\/\/d1713zmupob0gt.cloudfront.net\/wp-content\/uploads\/2026\/02\/18075509\/BHK26_MockUp1-300x201.jpg 300w, https:\/\/d1713zmupob0gt.cloudfront.net\/wp-content\/uploads\/2026\/02\/18075509\/BHK26_MockUp1-1024x685.jpg 1024w, https:\/\/d1713zmupob0gt.cloudfront.net\/wp-content\/uploads\/2026\/02\/18075509\/BHK26_MockUp1-768x514.jpg 768w, https:\/\/d1713zmupob0gt.cloudfront.net\/wp-content\/uploads\/2026\/02\/18075509\/BHK26_MockUp1-1536x1028.jpg 1536w, https:\/\/d1713zmupob0gt.cloudfront.net\/wp-content\/uploads\/2026\/02\/18075509\/BHK26_MockUp1-2048x1371.jpg 2048w\" sizes=\"auto, (max-width: 2560px) 100vw, 2560px\" \/>\t\t\t\t\t\t<\/a>\n\t\t\t\t\t\t<div class=\"wp-block-aptum-list-posts__article-content\">\n\t\t\t\t\t\t\t<div class=\"wp-block-aptum-list-posts__meta\">\n\t\t\t\t\t\t\t\t<div class=\"wp-block-aptum-list-posts__meta-date has-small-font-size\">\n\t\t\t\t\t\t\t\t\t09.12.25\t\t\t\t\t\t\t\t<\/div>\n\t\t\t\t\t\t\t<div class=\"wp-block-aptum-list-posts__meta-categories\" lang=\"no\">\n\t\t\t\t\t\t\t\t\t<a href=\"https:\/\/www.stinesofiesstiftelse.no\/kategori\/juridisk\/\">Juridisk<\/a>\t\t\t\t\t\t\t\t<\/div>\n\t\t\t\t\t\t\t<\/div>\n\t\t\t\t\t\t\t<h3 class=\"wp-block-aptum-list-posts__title\" lang=\"no\">\n\t\t\t\t\t\t\t\t<a href=\"https:\/\/www.stinesofiesstiftelse.no\/sma\/barnas-havarikommisjon-2026\/\" tabindex=\"-1\">Lansering av Barnas Havarikommisjon 2026<\/a>\n\t\t\t\t\t\t\t<\/h3>\n\t\t\t\t\t\t\t\t\t\t\t\t\t\t\t<p class=\"wp-block-aptum-list-posts__excerpt\" lang=\"no\">Den fjerde Barnas Havarikommisjon-rapporten tar status p\u00e5 voldsutsatte barns rettssikkerhet i Norge, fra f\u00f8r f\u00f8dsel og frem til voksenlivet. Vi&hellip;<\/p>\n\t\t\t\t\t\t\t\t<a href=\"https:\/\/www.stinesofiesstiftelse.no\/sma\/barnas-havarikommisjon-2026\/\" class=\"wp-block-aptum-list-posts__more\">\n\t\t\t\t\t\t\t\t\tRead more\t\t\t\t\t\t\t\t\t<span class=\"screen-reader-text\">about Lansering av Barnas Havarikommisjon 2026<\/span>\n\t\t\t\t\t\t\t\t<\/a>\n\t\t\t\t\t\t\t\t\t\t\t\t\t<\/div>\n\t\t\t\t\t<\/div>\n\t\t\t\t\t\t\t\t<\/li>\n\t\t\t\t\t\t\t\t<\/ul>\n\t<\/div>\n\n<\/section>\n","protected":false},"excerpt":{"rendered":"<p>En ny rapport fra Kripos sl\u00e5r fast at vold mot sm\u00e5 barn er s\u00e6rlig vanskelig \u00e5 forebygge, avdekke og etterforske. [&hellip;]<\/p>\n","protected":false},"author":6,"featured_media":14766,"comment_status":"closed","ping_status":"closed","sticky":false,"template":"","format":"standard","meta":{"_acf_changed":false,"inline_featured_image":false,"footnotes":""},"categories":[20,28],"tags":[80,154,63,111,156,155,110,153,109,73,82,58],"class_list":["post-14740","post","type-post","status-publish","format-standard","has-post-thumbnail","hentry","category-juridisk","category-stine-sofie-foreldrepakke","tag-ada-sofie-austegard","tag-alvorlig-vold","tag-barnas-havarikommisjon","tag-barns-rettigheter","tag-bistandsadvokat","tag-dodsstedsundersokelse","tag-helsestasjoner","tag-kripos","tag-politikk","tag-stine-sofie-foreldrepakke","tag-stine-sofies-stiftelse","tag-vold-og-overgrep"],"acf":[],"mb":[],"yoast_head":"<!-- This site is optimized with the Yoast SEO plugin v27.3 - https:\/\/yoast.com\/product\/yoast-seo-wordpress\/ -->\n<title>\u2014 De minste barna er i praksis rettsl\u00f8se - Stine Sofies Stiftelse<\/title>\n<meta name=\"description\" content=\"En ny rapport fra Kripos sl\u00e5r fast at vold mot sm\u00e5 barn er s\u00e6rlig vanskelig \u00e5 forebygge, avdekke og etterforske.\" \/>\n<meta name=\"robots\" content=\"index, follow, max-snippet:-1, max-image-preview:large, max-video-preview:-1\" \/>\n<link rel=\"canonical\" href=\"https:\/\/www.stinesofiesstiftelse.no\/de-minste-barna-er-i-praksis-rettslose\/\" \/>\n<meta property=\"og:locale\" content=\"en_US\" \/>\n<meta property=\"og:type\" content=\"article\" \/>\n<meta property=\"og:title\" content=\"\u2014 De minste barna er i praksis rettsl\u00f8se - Stine Sofies Stiftelse\" \/>\n<meta property=\"og:description\" content=\"En ny rapport fra Kripos sl\u00e5r fast at vold mot sm\u00e5 barn er s\u00e6rlig vanskelig \u00e5 forebygge, avdekke og etterforske.\" \/>\n<meta property=\"og:url\" content=\"https:\/\/www.stinesofiesstiftelse.no\/de-minste-barna-er-i-praksis-rettslose\/\" \/>\n<meta property=\"og:site_name\" content=\"Stine Sofies Stiftelse\" \/>\n<meta property=\"article:publisher\" content=\"https:\/\/www.facebook.com\/StineSofiesStiftelse\/\" \/>\n<meta property=\"article:published_time\" content=\"2026-04-23T13:09:33+00:00\" \/>\n<meta property=\"article:modified_time\" content=\"2026-04-23T15:56:29+00:00\" \/>\n<meta property=\"og:image\" content=\"https:\/\/d1713zmupob0gt.cloudfront.net\/wp-content\/uploads\/2026\/04\/23175553\/Ada-Line-BHK-2026-1-1_kun-Ada-scaled.jpg\" \/>\n\t<meta property=\"og:image:width\" content=\"2560\" \/>\n\t<meta property=\"og:image:height\" content=\"1707\" \/>\n\t<meta property=\"og:image:type\" content=\"image\/jpeg\" \/>\n<meta name=\"author\" content=\"Marie Garmannslund Eide\" \/>\n<meta name=\"twitter:card\" content=\"summary_large_image\" \/>\n<meta name=\"twitter:label1\" content=\"Written by\" \/>\n\t<meta name=\"twitter:data1\" content=\"Marie Garmannslund Eide\" \/>\n\t<meta name=\"twitter:label2\" content=\"Est. reading time\" \/>\n\t<meta name=\"twitter:data2\" content=\"12 minutes\" \/>\n<script type=\"application\/ld+json\" class=\"yoast-schema-graph\">{\"@context\":\"https:\\\/\\\/schema.org\",\"@graph\":[{\"@type\":\"Article\",\"@id\":\"https:\\\/\\\/www.stinesofiesstiftelse.no\\\/de-minste-barna-er-i-praksis-rettslose\\\/#article\",\"isPartOf\":{\"@id\":\"https:\\\/\\\/www.stinesofiesstiftelse.no\\\/de-minste-barna-er-i-praksis-rettslose\\\/\"},\"author\":{\"name\":\"Marie Garmannslund Eide\",\"@id\":\"https:\\\/\\\/www.stinesofiesstiftelse.no\\\/#\\\/schema\\\/person\\\/66e9d605bcae520878178874faa404e1\"},\"headline\":\"\u2014 De minste barna er i praksis rettsl\u00f8se\",\"datePublished\":\"2026-04-23T13:09:33+00:00\",\"dateModified\":\"2026-04-23T15:56:29+00:00\",\"mainEntityOfPage\":{\"@id\":\"https:\\\/\\\/www.stinesofiesstiftelse.no\\\/de-minste-barna-er-i-praksis-rettslose\\\/\"},\"wordCount\":1074,\"publisher\":{\"@id\":\"https:\\\/\\\/www.stinesofiesstiftelse.no\\\/#organization\"},\"image\":{\"@id\":\"https:\\\/\\\/www.stinesofiesstiftelse.no\\\/de-minste-barna-er-i-praksis-rettslose\\\/#primaryimage\"},\"thumbnailUrl\":\"https:\\\/\\\/d1713zmupob0gt.cloudfront.net\\\/wp-content\\\/uploads\\\/2026\\\/04\\\/23175553\\\/Ada-Line-BHK-2026-1-1_kun-Ada-scaled.jpg\",\"keywords\":[\"Ada Sofie Austegard\",\"Alvorlig vold\",\"Barnas Havarikommisjon\",\"barns rettigheter\",\"bistandsadvokat\",\"d\u00f8dsstedsunders\u00f8kelse\",\"helsestasjoner\",\"kripos\",\"politikk\",\"Stine Sofie Foreldrepakke\",\"stine sofies stiftelse\",\"Vold og overgrep\"],\"articleSection\":[\"Juridisk\",\"Stine Sofie Foreldrepakke\"],\"inLanguage\":\"sma-NO\"},{\"@type\":\"WebPage\",\"@id\":\"https:\\\/\\\/www.stinesofiesstiftelse.no\\\/de-minste-barna-er-i-praksis-rettslose\\\/\",\"url\":\"https:\\\/\\\/www.stinesofiesstiftelse.no\\\/de-minste-barna-er-i-praksis-rettslose\\\/\",\"name\":\"\u2014 De minste barna er i praksis rettsl\u00f8se - Stine Sofies Stiftelse\",\"isPartOf\":{\"@id\":\"https:\\\/\\\/www.stinesofiesstiftelse.no\\\/#website\"},\"primaryImageOfPage\":{\"@id\":\"https:\\\/\\\/www.stinesofiesstiftelse.no\\\/de-minste-barna-er-i-praksis-rettslose\\\/#primaryimage\"},\"image\":{\"@id\":\"https:\\\/\\\/www.stinesofiesstiftelse.no\\\/de-minste-barna-er-i-praksis-rettslose\\\/#primaryimage\"},\"thumbnailUrl\":\"https:\\\/\\\/d1713zmupob0gt.cloudfront.net\\\/wp-content\\\/uploads\\\/2026\\\/04\\\/23175553\\\/Ada-Line-BHK-2026-1-1_kun-Ada-scaled.jpg\",\"datePublished\":\"2026-04-23T13:09:33+00:00\",\"dateModified\":\"2026-04-23T15:56:29+00:00\",\"description\":\"En ny rapport fra Kripos sl\u00e5r fast at vold mot sm\u00e5 barn er s\u00e6rlig vanskelig \u00e5 forebygge, avdekke og etterforske.\",\"breadcrumb\":{\"@id\":\"https:\\\/\\\/www.stinesofiesstiftelse.no\\\/de-minste-barna-er-i-praksis-rettslose\\\/#breadcrumb\"},\"inLanguage\":\"sma-NO\",\"potentialAction\":[{\"@type\":\"ReadAction\",\"target\":[\"https:\\\/\\\/www.stinesofiesstiftelse.no\\\/de-minste-barna-er-i-praksis-rettslose\\\/\"]}]},{\"@type\":\"ImageObject\",\"inLanguage\":\"sma-NO\",\"@id\":\"https:\\\/\\\/www.stinesofiesstiftelse.no\\\/de-minste-barna-er-i-praksis-rettslose\\\/#primaryimage\",\"url\":\"https:\\\/\\\/d1713zmupob0gt.cloudfront.net\\\/wp-content\\\/uploads\\\/2026\\\/04\\\/23175553\\\/Ada-Line-BHK-2026-1-1_kun-Ada-scaled.jpg\",\"contentUrl\":\"https:\\\/\\\/d1713zmupob0gt.cloudfront.net\\\/wp-content\\\/uploads\\\/2026\\\/04\\\/23175553\\\/Ada-Line-BHK-2026-1-1_kun-Ada-scaled.jpg\",\"width\":2560,\"height\":1707,\"caption\":\"20260319 Grimstad, Stine Sofies Stiftelse F.V: Juridisk r\u00e5dgiver Line Duesund Svendsen og Generalsekret\u00e6r Ada Sofie Austegard Foto: Kjell Inge S\u00f8reide,\"},{\"@type\":\"BreadcrumbList\",\"@id\":\"https:\\\/\\\/www.stinesofiesstiftelse.no\\\/de-minste-barna-er-i-praksis-rettslose\\\/#breadcrumb\",\"itemListElement\":[{\"@type\":\"ListItem\",\"position\":1,\"name\":\"Hjem\",\"item\":\"https:\\\/\\\/www.stinesofiesstiftelse.no\\\/\"},{\"@type\":\"ListItem\",\"position\":2,\"name\":\"\u2014 De minste barna er i praksis rettsl\u00f8se\"}]},{\"@type\":\"WebSite\",\"@id\":\"https:\\\/\\\/www.stinesofiesstiftelse.no\\\/#website\",\"url\":\"https:\\\/\\\/www.stinesofiesstiftelse.no\\\/\",\"name\":\"Stine Sofies Stiftelse\",\"description\":\"\",\"publisher\":{\"@id\":\"https:\\\/\\\/www.stinesofiesstiftelse.no\\\/#organization\"},\"potentialAction\":[{\"@type\":\"SearchAction\",\"target\":{\"@type\":\"EntryPoint\",\"urlTemplate\":\"https:\\\/\\\/www.stinesofiesstiftelse.no\\\/?s={search_term_string}\"},\"query-input\":{\"@type\":\"PropertyValueSpecification\",\"valueRequired\":true,\"valueName\":\"search_term_string\"}}],\"inLanguage\":\"sma-NO\"},{\"@type\":\"Organization\",\"@id\":\"https:\\\/\\\/www.stinesofiesstiftelse.no\\\/#organization\",\"name\":\"Stine Sofies Stiftelse\",\"url\":\"https:\\\/\\\/www.stinesofiesstiftelse.no\\\/\",\"logo\":{\"@type\":\"ImageObject\",\"inLanguage\":\"sma-NO\",\"@id\":\"https:\\\/\\\/www.stinesofiesstiftelse.no\\\/#\\\/schema\\\/logo\\\/image\\\/\",\"url\":\"https:\\\/\\\/d1713zmupob0gt.cloudfront.net\\\/wp-content\\\/uploads\\\/2024\\\/10\\\/19093628\\\/cropped-Stine_sofies_stiftelse_logosymbol.png\",\"contentUrl\":\"https:\\\/\\\/d1713zmupob0gt.cloudfront.net\\\/wp-content\\\/uploads\\\/2024\\\/10\\\/19093628\\\/cropped-Stine_sofies_stiftelse_logosymbol.png\",\"width\":512,\"height\":512,\"caption\":\"Stine Sofies Stiftelse\"},\"image\":{\"@id\":\"https:\\\/\\\/www.stinesofiesstiftelse.no\\\/#\\\/schema\\\/logo\\\/image\\\/\"},\"sameAs\":[\"https:\\\/\\\/www.facebook.com\\\/StineSofiesStiftelse\\\/\"]},{\"@type\":\"Person\",\"@id\":\"https:\\\/\\\/www.stinesofiesstiftelse.no\\\/#\\\/schema\\\/person\\\/66e9d605bcae520878178874faa404e1\",\"name\":\"Marie Garmannslund Eide\",\"image\":{\"@type\":\"ImageObject\",\"inLanguage\":\"sma-NO\",\"@id\":\"https:\\\/\\\/secure.gravatar.com\\\/avatar\\\/fc56dfa332f10353483375ed8391681c042271039a5ea7418878b5b4fc8c136b?s=96&d=mm&r=g\",\"url\":\"https:\\\/\\\/secure.gravatar.com\\\/avatar\\\/fc56dfa332f10353483375ed8391681c042271039a5ea7418878b5b4fc8c136b?s=96&d=mm&r=g\",\"contentUrl\":\"https:\\\/\\\/secure.gravatar.com\\\/avatar\\\/fc56dfa332f10353483375ed8391681c042271039a5ea7418878b5b4fc8c136b?s=96&d=mm&r=g\",\"caption\":\"Marie Garmannslund Eide\"}}]}<\/script>\n<!-- \/ Yoast SEO plugin. -->","yoast_head_json":{"title":"\u2014 De minste barna er i praksis rettsl\u00f8se - Stine Sofies Stiftelse","description":"En ny rapport fra Kripos sl\u00e5r fast at vold mot sm\u00e5 barn er s\u00e6rlig vanskelig \u00e5 forebygge, avdekke og etterforske.","robots":{"index":"index","follow":"follow","max-snippet":"max-snippet:-1","max-image-preview":"max-image-preview:large","max-video-preview":"max-video-preview:-1"},"canonical":"https:\/\/www.stinesofiesstiftelse.no\/de-minste-barna-er-i-praksis-rettslose\/","og_locale":"en_US","og_type":"article","og_title":"\u2014 De minste barna er i praksis rettsl\u00f8se - Stine Sofies Stiftelse","og_description":"En ny rapport fra Kripos sl\u00e5r fast at vold mot sm\u00e5 barn er s\u00e6rlig vanskelig \u00e5 forebygge, avdekke og etterforske.","og_url":"https:\/\/www.stinesofiesstiftelse.no\/de-minste-barna-er-i-praksis-rettslose\/","og_site_name":"Stine Sofies Stiftelse","article_publisher":"https:\/\/www.facebook.com\/StineSofiesStiftelse\/","article_published_time":"2026-04-23T13:09:33+00:00","article_modified_time":"2026-04-23T15:56:29+00:00","og_image":[{"width":2560,"height":1707,"url":"https:\/\/d1713zmupob0gt.cloudfront.net\/wp-content\/uploads\/2026\/04\/23175553\/Ada-Line-BHK-2026-1-1_kun-Ada-scaled.jpg","type":"image\/jpeg"}],"author":"Marie Garmannslund Eide","twitter_card":"summary_large_image","twitter_misc":{"Written by":"Marie Garmannslund Eide","Est. reading time":"12 minutes"},"schema":{"@context":"https:\/\/schema.org","@graph":[{"@type":"Article","@id":"https:\/\/www.stinesofiesstiftelse.no\/de-minste-barna-er-i-praksis-rettslose\/#article","isPartOf":{"@id":"https:\/\/www.stinesofiesstiftelse.no\/de-minste-barna-er-i-praksis-rettslose\/"},"author":{"name":"Marie Garmannslund Eide","@id":"https:\/\/www.stinesofiesstiftelse.no\/#\/schema\/person\/66e9d605bcae520878178874faa404e1"},"headline":"\u2014 De minste barna er i praksis rettsl\u00f8se","datePublished":"2026-04-23T13:09:33+00:00","dateModified":"2026-04-23T15:56:29+00:00","mainEntityOfPage":{"@id":"https:\/\/www.stinesofiesstiftelse.no\/de-minste-barna-er-i-praksis-rettslose\/"},"wordCount":1074,"publisher":{"@id":"https:\/\/www.stinesofiesstiftelse.no\/#organization"},"image":{"@id":"https:\/\/www.stinesofiesstiftelse.no\/de-minste-barna-er-i-praksis-rettslose\/#primaryimage"},"thumbnailUrl":"https:\/\/d1713zmupob0gt.cloudfront.net\/wp-content\/uploads\/2026\/04\/23175553\/Ada-Line-BHK-2026-1-1_kun-Ada-scaled.jpg","keywords":["Ada Sofie Austegard","Alvorlig vold","Barnas Havarikommisjon","barns rettigheter","bistandsadvokat","d\u00f8dsstedsunders\u00f8kelse","helsestasjoner","kripos","politikk","Stine Sofie Foreldrepakke","stine sofies stiftelse","Vold og overgrep"],"articleSection":["Juridisk","Stine Sofie Foreldrepakke"],"inLanguage":"sma-NO"},{"@type":"WebPage","@id":"https:\/\/www.stinesofiesstiftelse.no\/de-minste-barna-er-i-praksis-rettslose\/","url":"https:\/\/www.stinesofiesstiftelse.no\/de-minste-barna-er-i-praksis-rettslose\/","name":"\u2014 De minste barna er i praksis rettsl\u00f8se - Stine Sofies Stiftelse","isPartOf":{"@id":"https:\/\/www.stinesofiesstiftelse.no\/#website"},"primaryImageOfPage":{"@id":"https:\/\/www.stinesofiesstiftelse.no\/de-minste-barna-er-i-praksis-rettslose\/#primaryimage"},"image":{"@id":"https:\/\/www.stinesofiesstiftelse.no\/de-minste-barna-er-i-praksis-rettslose\/#primaryimage"},"thumbnailUrl":"https:\/\/d1713zmupob0gt.cloudfront.net\/wp-content\/uploads\/2026\/04\/23175553\/Ada-Line-BHK-2026-1-1_kun-Ada-scaled.jpg","datePublished":"2026-04-23T13:09:33+00:00","dateModified":"2026-04-23T15:56:29+00:00","description":"En ny rapport fra Kripos sl\u00e5r fast at vold mot sm\u00e5 barn er s\u00e6rlig vanskelig \u00e5 forebygge, avdekke og etterforske.","breadcrumb":{"@id":"https:\/\/www.stinesofiesstiftelse.no\/de-minste-barna-er-i-praksis-rettslose\/#breadcrumb"},"inLanguage":"sma-NO","potentialAction":[{"@type":"ReadAction","target":["https:\/\/www.stinesofiesstiftelse.no\/de-minste-barna-er-i-praksis-rettslose\/"]}]},{"@type":"ImageObject","inLanguage":"sma-NO","@id":"https:\/\/www.stinesofiesstiftelse.no\/de-minste-barna-er-i-praksis-rettslose\/#primaryimage","url":"https:\/\/d1713zmupob0gt.cloudfront.net\/wp-content\/uploads\/2026\/04\/23175553\/Ada-Line-BHK-2026-1-1_kun-Ada-scaled.jpg","contentUrl":"https:\/\/d1713zmupob0gt.cloudfront.net\/wp-content\/uploads\/2026\/04\/23175553\/Ada-Line-BHK-2026-1-1_kun-Ada-scaled.jpg","width":2560,"height":1707,"caption":"20260319 Grimstad, Stine Sofies Stiftelse F.V: Juridisk r\u00e5dgiver Line Duesund Svendsen og Generalsekret\u00e6r Ada Sofie Austegard Foto: Kjell Inge S\u00f8reide,"},{"@type":"BreadcrumbList","@id":"https:\/\/www.stinesofiesstiftelse.no\/de-minste-barna-er-i-praksis-rettslose\/#breadcrumb","itemListElement":[{"@type":"ListItem","position":1,"name":"Hjem","item":"https:\/\/www.stinesofiesstiftelse.no\/"},{"@type":"ListItem","position":2,"name":"\u2014 De minste barna er i praksis rettsl\u00f8se"}]},{"@type":"WebSite","@id":"https:\/\/www.stinesofiesstiftelse.no\/#website","url":"https:\/\/www.stinesofiesstiftelse.no\/","name":"Stine Sofies Stiftelse","description":"","publisher":{"@id":"https:\/\/www.stinesofiesstiftelse.no\/#organization"},"potentialAction":[{"@type":"SearchAction","target":{"@type":"EntryPoint","urlTemplate":"https:\/\/www.stinesofiesstiftelse.no\/?s={search_term_string}"},"query-input":{"@type":"PropertyValueSpecification","valueRequired":true,"valueName":"search_term_string"}}],"inLanguage":"sma-NO"},{"@type":"Organization","@id":"https:\/\/www.stinesofiesstiftelse.no\/#organization","name":"Stine Sofies Stiftelse","url":"https:\/\/www.stinesofiesstiftelse.no\/","logo":{"@type":"ImageObject","inLanguage":"sma-NO","@id":"https:\/\/www.stinesofiesstiftelse.no\/#\/schema\/logo\/image\/","url":"https:\/\/d1713zmupob0gt.cloudfront.net\/wp-content\/uploads\/2024\/10\/19093628\/cropped-Stine_sofies_stiftelse_logosymbol.png","contentUrl":"https:\/\/d1713zmupob0gt.cloudfront.net\/wp-content\/uploads\/2024\/10\/19093628\/cropped-Stine_sofies_stiftelse_logosymbol.png","width":512,"height":512,"caption":"Stine Sofies Stiftelse"},"image":{"@id":"https:\/\/www.stinesofiesstiftelse.no\/#\/schema\/logo\/image\/"},"sameAs":["https:\/\/www.facebook.com\/StineSofiesStiftelse\/"]},{"@type":"Person","@id":"https:\/\/www.stinesofiesstiftelse.no\/#\/schema\/person\/66e9d605bcae520878178874faa404e1","name":"Marie Garmannslund Eide","image":{"@type":"ImageObject","inLanguage":"sma-NO","@id":"https:\/\/secure.gravatar.com\/avatar\/fc56dfa332f10353483375ed8391681c042271039a5ea7418878b5b4fc8c136b?s=96&d=mm&r=g","url":"https:\/\/secure.gravatar.com\/avatar\/fc56dfa332f10353483375ed8391681c042271039a5ea7418878b5b4fc8c136b?s=96&d=mm&r=g","contentUrl":"https:\/\/secure.gravatar.com\/avatar\/fc56dfa332f10353483375ed8391681c042271039a5ea7418878b5b4fc8c136b?s=96&d=mm&r=g","caption":"Marie Garmannslund Eide"}}]}},"mfb_rest_fields":["title","yoast_head","yoast_head_json"],"_links":{"self":[{"href":"https:\/\/www.stinesofiesstiftelse.no\/sma\/wp-json\/wp\/v2\/posts\/14740","targetHints":{"allow":["GET"]}}],"collection":[{"href":"https:\/\/www.stinesofiesstiftelse.no\/sma\/wp-json\/wp\/v2\/posts"}],"about":[{"href":"https:\/\/www.stinesofiesstiftelse.no\/sma\/wp-json\/wp\/v2\/types\/post"}],"author":[{"embeddable":true,"href":"https:\/\/www.stinesofiesstiftelse.no\/sma\/wp-json\/wp\/v2\/users\/6"}],"replies":[{"embeddable":true,"href":"https:\/\/www.stinesofiesstiftelse.no\/sma\/wp-json\/wp\/v2\/comments?post=14740"}],"version-history":[{"count":3,"href":"https:\/\/www.stinesofiesstiftelse.no\/sma\/wp-json\/wp\/v2\/posts\/14740\/revisions"}],"predecessor-version":[{"id":14767,"href":"https:\/\/www.stinesofiesstiftelse.no\/sma\/wp-json\/wp\/v2\/posts\/14740\/revisions\/14767"}],"wp:featuredmedia":[{"embeddable":true,"href":"https:\/\/www.stinesofiesstiftelse.no\/sma\/wp-json\/wp\/v2\/media\/14766"}],"wp:attachment":[{"href":"https:\/\/www.stinesofiesstiftelse.no\/sma\/wp-json\/wp\/v2\/media?parent=14740"}],"wp:term":[{"taxonomy":"category","embeddable":true,"href":"https:\/\/www.stinesofiesstiftelse.no\/sma\/wp-json\/wp\/v2\/categories?post=14740"},{"taxonomy":"post_tag","embeddable":true,"href":"https:\/\/www.stinesofiesstiftelse.no\/sma\/wp-json\/wp\/v2\/tags?post=14740"}],"curies":[{"name":"wp","href":"https:\/\/api.w.org\/{rel}","templated":true}]}}